{"id":717,"date":"2023-04-27T15:29:38","date_gmt":"2023-04-27T15:29:38","guid":{"rendered":"https:\/\/neanoticias.com\/?p=717"},"modified":"2023-04-27T15:29:38","modified_gmt":"2023-04-27T15:29:38","slug":"cayeron-bandidos-que-herian-a-sus-victimas","status":"publish","type":"post","link":"https:\/\/neanoticias.com\/index.php\/2023\/04\/27\/cayeron-bandidos-que-herian-a-sus-victimas\/","title":{"rendered":"CAYERON BANDIDOS QUE HER\u00cdAN A SUS V\u00cdCTIMAS"},"content":{"rendered":"\n<p>Los atraparon en el barrio conocido como &#8220;La Lata&#8221;. Sospechan que son los mismos que tiraron de su moto y lastimaron a Dalila y su sobrino de cuatro a\u00f1os.<\/p>\n\n\n\n<figure class=\"wp-block-image size-full\"><img loading=\"lazy\" width=\"850\" height=\"667\" src=\"https:\/\/neanoticias.com\/wp-content\/uploads\/2023\/04\/1223904w850h667c.jpg.webp\" alt=\"\" class=\"wp-image-718\" srcset=\"https:\/\/neanoticias.com\/wp-content\/uploads\/2023\/04\/1223904w850h667c.jpg.webp 850w, https:\/\/neanoticias.com\/wp-content\/uploads\/2023\/04\/1223904w850h667c.jpg-300x235.webp 300w, https:\/\/neanoticias.com\/wp-content\/uploads\/2023\/04\/1223904w850h667c.jpg-768x603.webp 768w\" sizes=\"(max-width: 850px) 100vw, 850px\" \/><\/figure>\n\n\n\n<p>Dos peligrosos delincuentes con frondosos prontuarios y que aparecen en filmaciones de varios hechos delictivos, fueron detenidos ayer en un operativo conjunto entre efectivos del Destacamento San Marcos y la Divisi\u00f3n Antiarrebatos. Podr\u00edan tener relaci\u00f3n directa con el violento asalto sufrido por una joven y su sobrino hace un par de semanas atr\u00e1s, en el que las v\u00edctimas sufrieron grav\u00edsimas lesiones.<\/p>\n\n\n\n<p>Los allanamientos se concretaron en la ma\u00f1ana de ayer en el barrio &#8220;La Lata&#8221;, donde personal bajo el mando del comisario mayor Luciano Vallejos, jefe del Destacamento San Marcos y con la colaboraci\u00f3n de personal de Infanter\u00eda cuidando el per\u00edmetro, logr\u00f3 la captura Dar\u00edo Escalante, alias &#8220;Coreano&#8221; de 34 a\u00f1os y de Airton Navarro, conocido como &#8220;Bruno&#8221;, de 24 a\u00f1os, ambos con un frondoso prontuario.<\/p>\n\n\n\n<p>Seg\u00fan los datos a los que tuvo acceso \u00e9poca, durante los procedimientos los efectivos policiales incautaron varias prendas de vestir que aparecen relacionadas a distintos hechos y distintas filmaciones obtenidas por los pesquisas, y que durante algunas semanas estuvieron analizando para concluir en la identidad de los sospechosos.<\/p>\n\n\n\n<p>La Polic\u00eda tiene pruebas que sindicar\u00edan a los dos maleantes, en varios arrebatos ocurridos en jurisdicci\u00f3n de las comisar\u00edas S\u00e9ptima, Duod\u00e9cima y D\u00e9cimo Quinta, indicaron las fuentes consultadas. Ahora, la Polic\u00eda busca una motocicleta de color negra que es en la que circulaban los maleantes y fueron filmados durante los atracos.<\/p>\n\n\n\n<p>Las mismas fuentes indicaron que los detenidos podr\u00edan tener relaci\u00f3n con el violento asalto sufrido por Dalila Alarc\u00f3n y su sobrinito de tan s\u00f3lo cuatro a\u00f1os, la noche del 28 de marzo pasada las 21 por avenida Alta Gracia, cuando dos delincuentes los tiraron de la moto en la que se desplazaban la mujer y la criatura. Los sujetos quedaron ahora fuera de las calles por un largo rato y a disposici\u00f3n de la Justicia.<\/p>\n","protected":false},"excerpt":{"rendered":"<p>Los atraparon en el barrio conocido como &#8220;La Lata&#8221;. Sospechan que son los mismos que&#8230;<\/p>\n","protected":false},"author":1,"featured_media":718,"comment_status":"open","ping_status":"open","sticky":false,"template":"","format":"standard","meta":[],"categories":[1],"tags":[],"_links":{"self":[{"href":"https:\/\/neanoticias.com\/index.php\/wp-json\/wp\/v2\/posts\/717"}],"collection":[{"href":"https:\/\/neanoticias.com\/index.php\/wp-json\/wp\/v2\/posts"}],"about":[{"href":"https:\/\/neanoticias.com\/index.php\/wp-json\/wp\/v2\/types\/post"}],"author":[{"embeddable":true,"href":"https:\/\/neanoticias.com\/index.php\/wp-json\/wp\/v2\/users\/1"}],"replies":[{"embeddable":true,"href":"https:\/\/neanoticias.com\/index.php\/wp-json\/wp\/v2\/comments?post=717"}],"version-history":[{"count":1,"href":"https:\/\/neanoticias.com\/index.php\/wp-json\/wp\/v2\/posts\/717\/revisions"}],"predecessor-version":[{"id":719,"href":"https:\/\/neanoticias.com\/index.php\/wp-json\/wp\/v2\/posts\/717\/revisions\/719"}],"wp:featuredmedia":[{"embeddable":true,"href":"https:\/\/neanoticias.com\/index.php\/wp-json\/wp\/v2\/media\/718"}],"wp:attachment":[{"href":"https:\/\/neanoticias.com\/index.php\/wp-json\/wp\/v2\/media?parent=717"}],"wp:term":[{"taxonomy":"category","embeddable":true,"href":"https:\/\/neanoticias.com\/index.php\/wp-json\/wp\/v2\/categories?post=717"},{"taxonomy":"post_tag","embeddable":true,"href":"https:\/\/neanoticias.com\/index.php\/wp-json\/wp\/v2\/tags?post=717"}],"curies":[{"name":"wp","href":"https:\/\/api.w.org\/{rel}","templated":true}]}}