{"id":714,"date":"2023-04-27T15:27:29","date_gmt":"2023-04-27T15:27:29","guid":{"rendered":"https:\/\/neanoticias.com\/?p=714"},"modified":"2023-04-27T15:27:30","modified_gmt":"2023-04-27T15:27:30","slug":"llevaban-tres-vaquillas-atadas-en-la-camioneta","status":"publish","type":"post","link":"https:\/\/neanoticias.com\/index.php\/2023\/04\/27\/llevaban-tres-vaquillas-atadas-en-la-camioneta\/","title":{"rendered":"LLEVABAN TRES VAQUILLAS ATADAS EN LA CAMIONETA"},"content":{"rendered":"\n<figure class=\"wp-block-image size-full\"><img loading=\"lazy\" width=\"850\" height=\"517\" src=\"https:\/\/neanoticias.com\/wp-content\/uploads\/2023\/04\/1223906w850h517c.jpg.webp\" alt=\"\" class=\"wp-image-715\" srcset=\"https:\/\/neanoticias.com\/wp-content\/uploads\/2023\/04\/1223906w850h517c.jpg.webp 850w, https:\/\/neanoticias.com\/wp-content\/uploads\/2023\/04\/1223906w850h517c.jpg-300x182.webp 300w, https:\/\/neanoticias.com\/wp-content\/uploads\/2023\/04\/1223906w850h517c.jpg-768x467.webp 768w\" sizes=\"(max-width: 850px) 100vw, 850px\" \/><\/figure>\n\n\n\n<p>Efectivos del PRIAR de Ca\u00e1 Cat\u00ed demoraron ayer a los ocupantes de una camioneta que circulaban por Ruta Provincial N\u00b0 5. Llevaban atadas, tiradas en la caja de atr\u00e1s del veh\u00edculo a tres vaquillas que se sospechan podr\u00edan ser producto del abigeato en la zona.<\/p>\n\n\n\n<p>Ocurri\u00f3 alrededor de las 10:30 de ayer en inmediaciones del paraje &#8220;Las Maloyas&#8221;, en la zona conocida como &#8220;Rodeito&#8221;, donde personal de la Polic\u00eda Rural, bajo el mando del comisario inspector Julio Vallejos, realizaba un operativo de rutina, control y vigilancia, cuando demoraron el paso de una camioneta Fiat Estrada, dominio colocado LKM 283, con dos ocupantes en su interior.<\/p>\n\n\n\n<p>Pero para sorpresa de los uniformados, detr\u00e1s en la caja del veh\u00edculo hab\u00eda otros tres ocupantes vacunos vivos y maniatados, tirados en el piso del rodado.<\/p>\n\n\n\n<p>Lo incre\u00edble ocurri\u00f3 despu\u00e9s, cuando los dos sujetos que trasladaban a los animales se excusaron con la Polic\u00eda diciendo que &#8220;se olvidaron de marcarlas antes de trasladarlas&#8221;. Ambos quedaron detenidos y se les inici\u00f3 una causa por infracci\u00f3n al Art\u00edculo 206 del C\u00f3digo Penal Argentino.<\/p>\n\n\n\n<p>Los animales quedaron incautados y a custodia del personal del PRIAR hasta tanto se aclare ante la Justicia la situaci\u00f3n. Cabe recordar que la zona candente del abigeato son los &#8220;Vences&#8221;, &#8220;Maloyas&#8221; y Lomas de Vallejos.<\/p>\n","protected":false},"excerpt":{"rendered":"<p>Efectivos del PRIAR de Ca\u00e1 Cat\u00ed demoraron ayer a los ocupantes de una camioneta que&#8230;<\/p>\n","protected":false},"author":1,"featured_media":715,"comment_status":"open","ping_status":"open","sticky":false,"template":"","format":"standard","meta":[],"categories":[1],"tags":[],"_links":{"self":[{"href":"https:\/\/neanoticias.com\/index.php\/wp-json\/wp\/v2\/posts\/714"}],"collection":[{"href":"https:\/\/neanoticias.com\/index.php\/wp-json\/wp\/v2\/posts"}],"about":[{"href":"https:\/\/neanoticias.com\/index.php\/wp-json\/wp\/v2\/types\/post"}],"author":[{"embeddable":true,"href":"https:\/\/neanoticias.com\/index.php\/wp-json\/wp\/v2\/users\/1"}],"replies":[{"embeddable":true,"href":"https:\/\/neanoticias.com\/index.php\/wp-json\/wp\/v2\/comments?post=714"}],"version-history":[{"count":1,"href":"https:\/\/neanoticias.com\/index.php\/wp-json\/wp\/v2\/posts\/714\/revisions"}],"predecessor-version":[{"id":716,"href":"https:\/\/neanoticias.com\/index.php\/wp-json\/wp\/v2\/posts\/714\/revisions\/716"}],"wp:featuredmedia":[{"embeddable":true,"href":"https:\/\/neanoticias.com\/index.php\/wp-json\/wp\/v2\/media\/715"}],"wp:attachment":[{"href":"https:\/\/neanoticias.com\/index.php\/wp-json\/wp\/v2\/media?parent=714"}],"wp:term":[{"taxonomy":"category","embeddable":true,"href":"https:\/\/neanoticias.com\/index.php\/wp-json\/wp\/v2\/categories?post=714"},{"taxonomy":"post_tag","embeddable":true,"href":"https:\/\/neanoticias.com\/index.php\/wp-json\/wp\/v2\/tags?post=714"}],"curies":[{"name":"wp","href":"https:\/\/api.w.org\/{rel}","templated":true}]}}