{"id":711,"date":"2023-04-27T15:24:07","date_gmt":"2023-04-27T15:24:07","guid":{"rendered":"https:\/\/neanoticias.com\/?p=711"},"modified":"2023-04-27T15:24:08","modified_gmt":"2023-04-27T15:24:08","slug":"tassano-compartio-la-jornadala-educacion-en-el-arte-festeja-a-la-ciudad","status":"publish","type":"post","link":"https:\/\/neanoticias.com\/index.php\/2023\/04\/27\/tassano-compartio-la-jornadala-educacion-en-el-arte-festeja-a-la-ciudad\/","title":{"rendered":"TASSANO COMPARTI\u00d3 LA JORNADA<br>\u201cLA EDUCACI\u00d3N EN EL ARTE FESTEJA A LA CIUDAD\u201d"},"content":{"rendered":"\n<p><em>El encuentro fue organizado por el Ministerio de Educaci\u00f3n de la Provincia y cont\u00f3 con el acompa\u00f1amiento del municipio. A trav\u00e9s de diversos estands dispuestos en la plaza Cabral, siete colegios secundarios presentaron a la comunidad en general las orientaciones art\u00edsticas que desarrollan durante todo el a\u00f1o. Hubo obra de teatro, n\u00fameros musicales, exposiciones de fotograf\u00eda, pinturas y dibujo, como tambi\u00e9n de danza, poes\u00eda y dem\u00e1s expresiones art\u00edsticas.<\/em><\/p>\n\n\n\n<figure class=\"wp-block-image size-large\"><img loading=\"lazy\" width=\"1024\" height=\"683\" src=\"https:\/\/neanoticias.com\/wp-content\/uploads\/2023\/04\/db1a0080-0e45-e5af-f6dd-5c78131920e9-1024x683.jpg\" alt=\"\" class=\"wp-image-712\" srcset=\"https:\/\/neanoticias.com\/wp-content\/uploads\/2023\/04\/db1a0080-0e45-e5af-f6dd-5c78131920e9-1024x683.jpg 1024w, https:\/\/neanoticias.com\/wp-content\/uploads\/2023\/04\/db1a0080-0e45-e5af-f6dd-5c78131920e9-300x200.jpg 300w, https:\/\/neanoticias.com\/wp-content\/uploads\/2023\/04\/db1a0080-0e45-e5af-f6dd-5c78131920e9-768x512.jpg 768w, https:\/\/neanoticias.com\/wp-content\/uploads\/2023\/04\/db1a0080-0e45-e5af-f6dd-5c78131920e9-1536x1024.jpg 1536w, https:\/\/neanoticias.com\/wp-content\/uploads\/2023\/04\/db1a0080-0e45-e5af-f6dd-5c78131920e9-2048x1365.jpg 2048w\" sizes=\"(max-width: 1024px) 100vw, 1024px\" \/><\/figure>\n\n\n\n<p>El intendente Eduardo Tassano particip\u00f3 este viernes de la jornada denominada \u201cLa educaci\u00f3n en el arte festeja a la ciudad\u201d, una muestra llevada a cabo en el marco del programa de actividades por el Mes de Corrientes, organizada por el Ministerio de Educaci\u00f3n de la Provincia con el acompa\u00f1amiento de la Municipalidad.<br>El encuentro se desarroll\u00f3 en la plaza Cabral con la instalaci\u00f3n de diversos estands a trav\u00e9s de los cuales distintos colegios secundarios presentaron a la comunidad en general las orientaciones art\u00edsticas que despliegan durante todo el a\u00f1o.<\/p>\n\n\n\n<figure class=\"wp-block-embed is-type-video is-provider-youtube wp-block-embed-youtube wp-embed-aspect-16-9 wp-has-aspect-ratio\"><div class=\"wp-block-embed__wrapper\">\n<iframe loading=\"lazy\" title=\"Mes de Corrientes: Tassano comparti\u00f3 la jornada \u201cLa educaci\u00f3n en el arte festeja a la ciudad\u201d\" width=\"640\" height=\"360\" src=\"https:\/\/www.youtube.com\/embed\/CIHHTO5IQNQ?feature=oembed\" frameborder=\"0\" allow=\"accelerometer; autoplay; clipboard-write; encrypted-media; gyroscope; picture-in-picture; web-share\" allowfullscreen><\/iframe>\n<\/div><\/figure>\n\n\n\n<p>De esta manera, alumnos y docentes se adhirieron tambi\u00e9n a la conmemoraci\u00f3n de la fundaci\u00f3n de la ciudad y presentaron en el espacio p\u00fablico obras de teatro, n\u00fameros musicales, exposiciones de fotograf\u00eda, pinturas y dibujos, como tambi\u00e9n de danza, poes\u00eda y dem\u00e1s expresiones art\u00edsticas.<br>Espec\u00edficamente, fueron siete las instituciones educativas que se presentaron en la muestra y cuya oferta educativa es Bachiller en Arte. Estuvieron representados el colegio secundario Cautivas Correntinas, la escuela normal Jos\u00e9 Manuel Estrada, el Instituto Superior de M\u00fasica Carmelo De Biassi, el colegio secundario Manuel Vicente Figuerero, el colegio secundario Juana Francisca Cabral, el Centro Cultural Correntino y el Instituto Saint Martin.<br>A la presentaci\u00f3n de la jornada asistieron tambi\u00e9n el subsecretario de Gesti\u00f3n Educativa del Ministerio de Educaci\u00f3n de la Provincia, Julio Nav\u00edas y el secretario de Cultura y Educaci\u00f3n municipal, Jos\u00e9 Sand, junto a funcionarios, profesores, estudiantes y vecinos en general.<br>\u00a0<br>EDUCACI\u00d3N PARA EL DESARROLLO<br>En la apertura de la jornada, Tassano destac\u00f3 el hecho de que el evento se desarrolle \u201cen un lugar muy sentido de la ciudad de Corrientes, como lo es la hist\u00f3rica plaza Cabral\u201d, dijo, tras lo cual mencion\u00f3 que \u201cel equipo de Educaci\u00f3n nos ofrece esta actividad en el marco del Mes de Corrientes\u201d.<br>\u201cVenimos a compartir este sentimiento con la certeza de que desde la educaci\u00f3n se deben forjar las mejores acciones para el desarrollo de los correntinos. Por eso, la Municipalidad acompa\u00f1a este gran trabajo conjunto\u201d, resalt\u00f3 el intendente.<br>\u00a0<br>FUTUROS GRANDES ARTISTAS<br>\u201cEstamos viviendo una jornada a puro arte\u201d, resumi\u00f3 por su parte Sand el referirse a la muestra escolar desarrollada en plaza Cabral. \u201cNos encontramos con distintas expresiones art\u00edsticas y estamos muy contentos de que el Ministerio de Educaci\u00f3n haya realizado esta actividad en el marco del Mes de Corrientes, para que sea mucho m\u00e1s rica a\u00fan esta gran agenda de celebraci\u00f3n que tenemos\u201d, destac\u00f3.<br>En este sentido, el secretario de Cultura y Educaci\u00f3n se\u00f1al\u00f3 que \u201ctrabajar coordinadamente con el Ministerio, a trav\u00e9s del \u00e1rea art\u00edstica, nos resulta muy c\u00f3modo, porque debemos seguir mostrando esta orientaci\u00f3n desde temprana edad, con los chicos del secundario, lo que tambi\u00e9n quiz\u00e1s pueda generar en el futuro a los grandes artistas de nuestra ciudad\u201d.<br>Finalmente, el funcionario municipal agradeci\u00f3 \u201cal Gobierno provincial, al Ministerio de Educaci\u00f3n por sumarse a la propuesta cultural y art\u00edstica en el festejo del aniversario de la ciudad\u201d.<br>\u00a0<br>SACAR LO MEJOR DE LOS ESTUDIANTES<br>En tanto, el subsecretario de Gesti\u00f3n Educativa provincial resalt\u00f3 que \u201ctodo lo que se diagram\u00f3 y se ven\u00eda trabajando desde la modalidad de educaci\u00f3n art\u00edstica, en articulaci\u00f3n con el municipio, se puede ver en esta plaza, muy concurrida, por cierto\u201d.<br>\u201cParticipan distintas escuelas, profesores y alumnos que est\u00e1n mostrando lo que ellos hacen en una modalidad que permite sacar lo mejor de nuestros alumnos. Y hacerlo con la Municipalidad, en el marco del Mes de Corrientes, para nosotros es muy gratificante\u201d, subray\u00f3 Nav\u00edas.<br>Al respecto, record\u00f3 que \u201cpor los festejos por el Mes de Corrientes, tenemos agendadas varias actividades. Ahora estamos trabajando con el municipio en un programa puesto en marcha hace poco que es \u2018Conoc\u00e9 tu ciudad\u2019, donde -con el acompa\u00f1amiento del municipio- hacemos una visita guiada por los sitios hist\u00f3ricos y m\u00e1s emblem\u00e1ticos de la ciudad\u201d.<br>\u00a0<br>EXPERIENCIA DOCENTE<br>Sobre la muestra educativa y la celebraci\u00f3n del Mes de Corrientes habl\u00f3 la profesora Susana Fern\u00e1ndez, de la escuela normal Jos\u00e9 Manuel Estrada (conocida como Regional). \u201cEs una gran oportunidad para que nuestros j\u00f3venes puedan ver y mostrar su arte. Es un evento que realmente agradezco a los organizadores, por el bien de la educaci\u00f3n y tambi\u00e9n porque el p\u00fablico se acerc\u00f3 a disfrutar de un verdadero espect\u00e1culo\u201d, destac\u00f3.<br>\u201cCada uno de nosotros, desde nuestra funci\u00f3n en las escuelas, revalorizamos el Mes de Corrientes, una ciudad y provincia que tiene arte, carnaval, chamam\u00e9 y toda una cultura maravillosa digna de ser presentada para que todo el pa\u00eds la conozca\u201d, concluy\u00f3 la docente.<br>\u00a0<br>ARTE Y CULTURA JOVEN<br>Con un buen marco de p\u00fablico, la plaza Cabral fue el escenario ideal para las diferentes presentaciones que ofrecieron estudiantes de establecimientos educativos de la ciudad. Canto, baile, recitados, teatro y producciones audiovisuales fueron pare de una ma\u00f1ana diferente en el emblem\u00e1tico paseo.<br>Entre las expresiones, los presentes disfrutaron de una obra de teatro, m\u00fasica y danza por parte de alumnos del colegio secundario Cautivas Correntinas, el coro de ni\u00f1os de la escuela primaria N\u00ba 1 Manuel Belgrano, el solista de canto M\u00e1ximo Cardozo del colegio secundario Juana Cabral, la interpretaci\u00f3n musical a cargo de alumnos del Instituto de M\u00fasica, recitado por parte de Facundo Araujo, del Centro Cultural Correntino.<br>Tambi\u00e9n hubo baile urbano a cargo de la alumna Zaira Ram\u00edrez del colegio Figuerero, la solista de canto Esmeralda N\u00fa\u00f1ez Ibarra (tambi\u00e9n del Figuerero), el coro juvenil \u00d1ande Purah\u00e9i del colegio Ferr\u00e9, baile folcl\u00f3rico interpretado por Daniela G\u00f3mez y Tom\u00e1s Toledo del colegio Manuel Vicente Figuerero, el grupo de danza de la escuela Regional y un baile de chamam\u00e9 interpretado por estudiantes del instituto Saint Martin.<br>Adem\u00e1s, presentaron un poema, a cargo del alumno Fabrizio Ruiz Mansilla del Saint Martin, como tambi\u00e9n danza folcl\u00f3rica-chamam\u00e9 estilizado por parte de alumnos del Instituto de M\u00fasica, un solista de canto del Saint Martin, una pareja de danza folcl\u00f3rica del Centro Cultural Correntino y la presentaci\u00f3n musical de Tedeo Moran y Bruno Sosa Ortiz, de la tecnicatura superior de canto.<\/p>\n","protected":false},"excerpt":{"rendered":"<p>El encuentro fue organizado por el Ministerio de Educaci\u00f3n de la Provincia y cont\u00f3 con&#8230;<\/p>\n","protected":false},"author":1,"featured_media":712,"comment_status":"open","ping_status":"open","sticky":false,"template":"","format":"standard","meta":[],"categories":[1],"tags":[],"_links":{"self":[{"href":"https:\/\/neanoticias.com\/index.php\/wp-json\/wp\/v2\/posts\/711"}],"collection":[{"href":"https:\/\/neanoticias.com\/index.php\/wp-json\/wp\/v2\/posts"}],"about":[{"href":"https:\/\/neanoticias.com\/index.php\/wp-json\/wp\/v2\/types\/post"}],"author":[{"embeddable":true,"href":"https:\/\/neanoticias.com\/index.php\/wp-json\/wp\/v2\/users\/1"}],"replies":[{"embeddable":true,"href":"https:\/\/neanoticias.com\/index.php\/wp-json\/wp\/v2\/comments?post=711"}],"version-history":[{"count":1,"href":"https:\/\/neanoticias.com\/index.php\/wp-json\/wp\/v2\/posts\/711\/revisions"}],"predecessor-version":[{"id":713,"href":"https:\/\/neanoticias.com\/index.php\/wp-json\/wp\/v2\/posts\/711\/revisions\/713"}],"wp:featuredmedia":[{"embeddable":true,"href":"https:\/\/neanoticias.com\/index.php\/wp-json\/wp\/v2\/media\/712"}],"wp:attachment":[{"href":"https:\/\/neanoticias.com\/index.php\/wp-json\/wp\/v2\/media?parent=711"}],"wp:term":[{"taxonomy":"category","embeddable":true,"href":"https:\/\/neanoticias.com\/index.php\/wp-json\/wp\/v2\/categories?post=711"},{"taxonomy":"post_tag","embeddable":true,"href":"https:\/\/neanoticias.com\/index.php\/wp-json\/wp\/v2\/tags?post=711"}],"curies":[{"name":"wp","href":"https:\/\/api.w.org\/{rel}","templated":true}]}}