{"id":708,"date":"2023-04-27T15:22:33","date_gmt":"2023-04-27T15:22:33","guid":{"rendered":"https:\/\/neanoticias.com\/?p=708"},"modified":"2023-04-27T15:22:33","modified_gmt":"2023-04-27T15:22:33","slug":"motociclista-muerto-en-choque","status":"publish","type":"post","link":"https:\/\/neanoticias.com\/index.php\/2023\/04\/27\/motociclista-muerto-en-choque\/","title":{"rendered":"MOTOCICLISTA MUERTO EN CHOQUE"},"content":{"rendered":"\n<figure class=\"wp-block-image size-full\"><img loading=\"lazy\" width=\"850\" height=\"443\" src=\"https:\/\/neanoticias.com\/wp-content\/uploads\/2023\/04\/1223909w850h443c.jpg.webp\" alt=\"\" class=\"wp-image-709\" srcset=\"https:\/\/neanoticias.com\/wp-content\/uploads\/2023\/04\/1223909w850h443c.jpg.webp 850w, https:\/\/neanoticias.com\/wp-content\/uploads\/2023\/04\/1223909w850h443c.jpg-300x156.webp 300w, https:\/\/neanoticias.com\/wp-content\/uploads\/2023\/04\/1223909w850h443c.jpg-768x400.webp 768w\" sizes=\"(max-width: 850px) 100vw, 850px\" \/><\/figure>\n\n\n\n<p>Un accidente de tr\u00e1nsito fatal se registr\u00f3 en la vecina ciudad chaque\u00f1a de Resistencia, pasadas las 7 de ayer, sobre avenida Alberdi y Malvinas.<\/p>\n\n\n\n<p>Uniformados de la comisar\u00eda Sexta fueron alertados del accidente en el cual un motociclista choc\u00f3 contra un colectivo de l\u00ednea urbana.<\/p>\n\n\n\n<p>El chofer del pesado rodado, de 56 a\u00f1os, dijo a los efectivos que no pudo evitar el choque.<\/p>\n\n\n\n<p>Cristian Canteros de 24 a\u00f1os era quien guiaba una motocicleta Zanella ZB de 110 cent\u00edmetros c\u00fabicos.<\/p>\n\n\n\n<p>El muchacho muri\u00f3 a los pocos minutos del siniestro, confirmaron los m\u00e9dicos que arribaron a la zona en una ambulancia.<\/p>\n\n\n\n<h2>Vinculado a la causa<\/h2>\n\n\n\n<p>La magistratura interviniente dispuso que el colectivero de 56 a\u00f1os sea notificado en causa de &#8220;supuesto homicidio culposo en accidente de tr\u00e1nsito&#8221;.<\/p>\n\n\n\n<p>El hombre tras prestar declaraci\u00f3n qued\u00f3 en libertad pero supeditado en la causa indicaron.<\/p>\n","protected":false},"excerpt":{"rendered":"<p>Un accidente de tr\u00e1nsito fatal se registr\u00f3 en la vecina ciudad chaque\u00f1a de Resistencia, pasadas&#8230;<\/p>\n","protected":false},"author":1,"featured_media":709,"comment_status":"open","ping_status":"open","sticky":false,"template":"","format":"standard","meta":[],"categories":[1],"tags":[],"_links":{"self":[{"href":"https:\/\/neanoticias.com\/index.php\/wp-json\/wp\/v2\/posts\/708"}],"collection":[{"href":"https:\/\/neanoticias.com\/index.php\/wp-json\/wp\/v2\/posts"}],"about":[{"href":"https:\/\/neanoticias.com\/index.php\/wp-json\/wp\/v2\/types\/post"}],"author":[{"embeddable":true,"href":"https:\/\/neanoticias.com\/index.php\/wp-json\/wp\/v2\/users\/1"}],"replies":[{"embeddable":true,"href":"https:\/\/neanoticias.com\/index.php\/wp-json\/wp\/v2\/comments?post=708"}],"version-history":[{"count":1,"href":"https:\/\/neanoticias.com\/index.php\/wp-json\/wp\/v2\/posts\/708\/revisions"}],"predecessor-version":[{"id":710,"href":"https:\/\/neanoticias.com\/index.php\/wp-json\/wp\/v2\/posts\/708\/revisions\/710"}],"wp:featuredmedia":[{"embeddable":true,"href":"https:\/\/neanoticias.com\/index.php\/wp-json\/wp\/v2\/media\/709"}],"wp:attachment":[{"href":"https:\/\/neanoticias.com\/index.php\/wp-json\/wp\/v2\/media?parent=708"}],"wp:term":[{"taxonomy":"category","embeddable":true,"href":"https:\/\/neanoticias.com\/index.php\/wp-json\/wp\/v2\/categories?post=708"},{"taxonomy":"post_tag","embeddable":true,"href":"https:\/\/neanoticias.com\/index.php\/wp-json\/wp\/v2\/tags?post=708"}],"curies":[{"name":"wp","href":"https:\/\/api.w.org\/{rel}","templated":true}]}}