{"id":705,"date":"2023-04-27T15:21:27","date_gmt":"2023-04-27T15:21:27","guid":{"rendered":"https:\/\/neanoticias.com\/?p=705"},"modified":"2023-04-27T15:21:28","modified_gmt":"2023-04-27T15:21:28","slug":"por-falta-de-pruebas-liberan-a-acusado-de-matar-a-juana-rojas","status":"publish","type":"post","link":"https:\/\/neanoticias.com\/index.php\/2023\/04\/27\/por-falta-de-pruebas-liberan-a-acusado-de-matar-a-juana-rojas\/","title":{"rendered":"POR FALTA DE PRUEBAS LIBERAN A ACUSADO DE MATAR A JUANA ROJAS"},"content":{"rendered":"\n<p>La Justicia liber\u00f3 en las \u00faltimas horas a uno de los detenidos por el femicidio con la modalidad sicariato de Juana Rosa Rojas, la mujer ultimada de cuatro balazos por encargo de su expareja, un funcionario policial retirado.<\/p>\n\n\n\n<p>Se trata de Alejandro Ram\u00f3n Carrizo, quien por orden de la jueza Agrazo, del Juzgado de Instrucci\u00f3n N\u00b0 1, fue liberado el fin de semana al no encontrar ninguna prueba en su contra que sostenga su detenci\u00f3n.<\/p>\n\n\n\n<p>Estaba preso en la comisar\u00eda contravencional desde el 27 de octubre por la tarde, cuando efectivos policiales irrumpieron en su domicilio y lo arrestaron bajo el cargo de ser &#8220;el hombre del identikit&#8221;. &#8220;Me dijeron que alguien tiene que pagar y por eso me llevaban. Me dio la sensaci\u00f3n de inmediato que ellos sab\u00edan que yo no ten\u00eda nada que ver. Es la tercera vez que me detienen por delitos que me inculpan, que no comet\u00ed y que luego<\/p>\n\n\n\n<figure class=\"wp-block-image size-full\"><img loading=\"lazy\" width=\"850\" height=\"726\" src=\"https:\/\/neanoticias.com\/wp-content\/uploads\/2023\/04\/1223907w850h726c.jpg.webp\" alt=\"\" class=\"wp-image-706\" srcset=\"https:\/\/neanoticias.com\/wp-content\/uploads\/2023\/04\/1223907w850h726c.jpg.webp 850w, https:\/\/neanoticias.com\/wp-content\/uploads\/2023\/04\/1223907w850h726c.jpg-300x256.webp 300w, https:\/\/neanoticias.com\/wp-content\/uploads\/2023\/04\/1223907w850h726c.jpg-768x656.webp 768w\" sizes=\"(max-width: 850px) 100vw, 850px\" \/><\/figure>\n\n\n\n<p>la Justicia desech\u00f3 por falta de pruebas y porque encima est\u00e1n mal hecho los procedimientos&#8221;, explic\u00f3 a \u00e9poca Carrizo. Antes de esta detenci\u00f3n, Carrizo fue acusado del robo a un supermercado y otro robo callejero por el que lo apresaron tres a\u00f1os en la UP 6. Ese atraco habr\u00eda ocurrido ins\u00f3litamente cuando el hombre estaba detenido por un incidente menor en otra comisar\u00eda y pese a ello fue encerrado.<\/p>\n\n\n\n<p>El ladrillero, ahora piensa en demandar al Estado por hostigamiento y persecuci\u00f3n. Sospecha que hay un efectivo policial, que antes prestaba servicio en la ex Brigada y ahora est\u00e1 en &#8220;la Metro&#8221;, que estar\u00eda vinculado en forma directa con todos sus arrestos. &#8220;Estoy cansado de que me persigan. Arruinaron mi vida&#8221;, concluy\u00f3.<\/p>\n","protected":false},"excerpt":{"rendered":"<p>La Justicia liber\u00f3 en las \u00faltimas horas a uno de los detenidos por el femicidio&#8230;<\/p>\n","protected":false},"author":1,"featured_media":706,"comment_status":"open","ping_status":"open","sticky":false,"template":"","format":"standard","meta":[],"categories":[1],"tags":[],"_links":{"self":[{"href":"https:\/\/neanoticias.com\/index.php\/wp-json\/wp\/v2\/posts\/705"}],"collection":[{"href":"https:\/\/neanoticias.com\/index.php\/wp-json\/wp\/v2\/posts"}],"about":[{"href":"https:\/\/neanoticias.com\/index.php\/wp-json\/wp\/v2\/types\/post"}],"author":[{"embeddable":true,"href":"https:\/\/neanoticias.com\/index.php\/wp-json\/wp\/v2\/users\/1"}],"replies":[{"embeddable":true,"href":"https:\/\/neanoticias.com\/index.php\/wp-json\/wp\/v2\/comments?post=705"}],"version-history":[{"count":1,"href":"https:\/\/neanoticias.com\/index.php\/wp-json\/wp\/v2\/posts\/705\/revisions"}],"predecessor-version":[{"id":707,"href":"https:\/\/neanoticias.com\/index.php\/wp-json\/wp\/v2\/posts\/705\/revisions\/707"}],"wp:featuredmedia":[{"embeddable":true,"href":"https:\/\/neanoticias.com\/index.php\/wp-json\/wp\/v2\/media\/706"}],"wp:attachment":[{"href":"https:\/\/neanoticias.com\/index.php\/wp-json\/wp\/v2\/media?parent=705"}],"wp:term":[{"taxonomy":"category","embeddable":true,"href":"https:\/\/neanoticias.com\/index.php\/wp-json\/wp\/v2\/categories?post=705"},{"taxonomy":"post_tag","embeddable":true,"href":"https:\/\/neanoticias.com\/index.php\/wp-json\/wp\/v2\/tags?post=705"}],"curies":[{"name":"wp","href":"https:\/\/api.w.org\/{rel}","templated":true}]}}