{"id":702,"date":"2023-04-27T15:16:26","date_gmt":"2023-04-27T15:16:26","guid":{"rendered":"https:\/\/neanoticias.com\/?p=702"},"modified":"2023-04-27T15:16:27","modified_gmt":"2023-04-27T15:16:27","slug":"tassano-encabezo-inicio-de-capacitacion-en-mediacion-y-resolucion-de-conflictos-para-agentes-municipales","status":"publish","type":"post","link":"https:\/\/neanoticias.com\/index.php\/2023\/04\/27\/tassano-encabezo-inicio-de-capacitacion-en-mediacion-y-resolucion-de-conflictos-para-agentes-municipales\/","title":{"rendered":"TASSANO ENCABEZ\u00d3 INICIO DE CAPACITACI\u00d3N EN MEDIACI\u00d3N Y RESOLUCI\u00d3N DE CONFLICTOS PARA AGENTES MUNICIPALES"},"content":{"rendered":"\n<p><em>El intendente particip\u00f3 del acto junto con el ministro del Superior Tribunal de Justicia Fernando Niz, quien tambi\u00e9n es supervisor del Centro Judicial de Mediaci\u00f3n y de los Juzgados de Paz. La actividad -que se desarrollar\u00e1 en tres tramos- es impulsada por el Instituto de Capacitaci\u00f3n y Formaci\u00f3n del Agente Municipal, en coordinaci\u00f3n con el STJ.<\/em><\/p>\n\n\n\n<figure class=\"wp-block-image size-large\"><img loading=\"lazy\" width=\"1024\" height=\"683\" src=\"https:\/\/neanoticias.com\/wp-content\/uploads\/2023\/04\/6bc3506b-39f5-74be-1c2f-b19097fe8886-1024x683.jpg\" alt=\"\" class=\"wp-image-703\" srcset=\"https:\/\/neanoticias.com\/wp-content\/uploads\/2023\/04\/6bc3506b-39f5-74be-1c2f-b19097fe8886-1024x683.jpg 1024w, https:\/\/neanoticias.com\/wp-content\/uploads\/2023\/04\/6bc3506b-39f5-74be-1c2f-b19097fe8886-300x200.jpg 300w, https:\/\/neanoticias.com\/wp-content\/uploads\/2023\/04\/6bc3506b-39f5-74be-1c2f-b19097fe8886-768x512.jpg 768w, https:\/\/neanoticias.com\/wp-content\/uploads\/2023\/04\/6bc3506b-39f5-74be-1c2f-b19097fe8886-1536x1024.jpg 1536w, https:\/\/neanoticias.com\/wp-content\/uploads\/2023\/04\/6bc3506b-39f5-74be-1c2f-b19097fe8886-2048x1365.jpg 2048w\" sizes=\"(max-width: 1024px) 100vw, 1024px\" \/><\/figure>\n\n\n\n<p>El intendente Eduardo Tassano particip\u00f3 en la tarde de este jueves del acto de inicio de una capacitaci\u00f3n en mediaci\u00f3n y resoluci\u00f3n alternativa de conflictos destinada a agentes municipales, actividad a cargo del Instituto de Capacitaci\u00f3n y Formaci\u00f3n del Agente Municipal (Ifcam), en coordinaci\u00f3n con el Superior Tribunal de Justicia (STJ).<br>Precisamente, junto con Tassano estuvo el ministro del STJ Fernando Niz, quien es adem\u00e1s supervisor del Centro Judicial de Mediaci\u00f3n y de los Juzgados de Paz de Corrientes.<br>La actividad, que registr\u00f3 180 inscriptos, se desarrollada en la sede de la Sociedad Espa\u00f1ola y contempla en total tres tramos de capacitaciones: adem\u00e1s de este 13 de abril continuar\u00e1 los siguientes dos jueves de abril, el 20 y 27.<\/p>\n\n\n\n<figure class=\"wp-block-embed is-type-video is-provider-youtube wp-block-embed-youtube wp-embed-aspect-16-9 wp-has-aspect-ratio\"><div class=\"wp-block-embed__wrapper\">\n<iframe loading=\"lazy\" title=\"Tassano encabez\u00f3 inicio de capacitaci\u00f3n en mediaci\u00f3n y resoluci\u00f3n de conflictos para municipales\" width=\"640\" height=\"360\" src=\"https:\/\/www.youtube.com\/embed\/U0QNLtsizlQ?feature=oembed\" frameborder=\"0\" allow=\"accelerometer; autoplay; clipboard-write; encrypted-media; gyroscope; picture-in-picture; web-share\" allowfullscreen><\/iframe>\n<\/div><\/figure>\n\n\n\n<p>Asimismo, las acciones se enmarcan en el programa de capacitaci\u00f3n continua de resoluci\u00f3n alternativa de conflictos y mediaci\u00f3n y en el programa de Facilitadores Judiciales de la Organizaci\u00f3n de los Estados Americanos (OEA). Y cuenta con el auspicio de Facilitadores Judiciales, el Centro Judicial de Mediaci\u00f3n y el \u00e1rea de capacitaci\u00f3n del Poder Judicial de Corrientes.<br>Los coordinadores de esta capacitaci\u00f3n espec\u00edfica son el ministro Niz, Miguel Antonio Ben\u00edtez, quien es jefe de coordinador del Centro Judicial de Mediaci\u00f3n del Poder Judicial y Mar\u00eda Luisa Arostegui, inspectora de Justicia de Paz.<br>Los instructores son Miguel Antonio Ben\u00edtez, Mar\u00eda Luisa Arostegui, Aymar\u00e1 Lascura\u00edn y Gabriela Favia Marasso.<br>En el inicio del ciclo de capacitaci\u00f3n tambi\u00e9n estuvieron capacitadores, funcionarios municipales, como el subsecretario de Modernizaci\u00f3n, Innovaci\u00f3n y Tecnolog\u00eda, Ezequiel Azzi, adem\u00e1s de coordinadores judiciales y comunales, entre otros.<br>\u00a0<br>MEDIACI\u00d3N PARA RESOLVER POSIBLES CONFLICTOS<br>\u201cEn la Municipalidad contamos, en diversos lugares de la ciudad, con atenci\u00f3n al p\u00fablico; esto hace que se pueda presentar alg\u00fan tipo de conflicto, principalmente en los tiempos que corren. A partir de este escenario, decidimos formalizar un convenio que ten\u00edamos con el Superior Tribunal de Justicia para trabajar en forma unificada en capacitaci\u00f3n sobre mediaci\u00f3n\u201d, record\u00f3 Tassano.<br>\u201cEl ministro Niz explicaba reci\u00e9n que Corrientes es una provincia destacada en materia de mediaci\u00f3n y en el \u00e1mbito del Superior Tribunal el \u00e1rea est\u00e1 cerca de cumplir 20 a\u00f1os de labor. Este desarrollo coincide con nuestra inquietud de capacitar a nuestros agentes en estos temas que muchas veces son muy engorrosos, pero que son necesarios atenderlos, canalizarlos y resolverlos\u201d, advirti\u00f3 el intendente.<br>\u201cEsta formaci\u00f3n tiene que ver con el contacto directo con la gente y un mejor servicio. Debemos dimensionar la cantidad de conflictos y situaciones que se presenta cotidianamente y que deben afrontar nuestros agentes municipales al estar al servicio de la comunidad. Y estamos hablando de muchas \u00e1reas, como salud, tr\u00e1nsito y educaci\u00f3n. Es decir, son muchos \u00e1mbitos en los que se pueden presentar problemas\u201d, dijo Tassano, a lo que seguidamente agreg\u00f3: \u201cA partir de ah\u00ed, entendemos que entrenar al personal y prepararlos en mediaci\u00f3n es la forma correcta de encarar situaciones que demandan consensos\u201d.<br>\u00a0<br>FORMACI\u00d3N DE UN SERVICIO DE PAZ<br>Por su parte, el ministro Niz resalt\u00f3: \u201cPara nosotros, la formaci\u00f3n es una tarea muy apasionante, darles la posibilidad de instruirse a personas que tienen un rol diferente, como es la administraci\u00f3n municipal y la atenci\u00f3n en servicios esenciales que todos los habitantes de una ciudad necesitan\u201d.<br>\u201cHay una calidad institucional que queda a la vista y no s\u00f3lo para quienes vivimos en Corrientes, sino tambi\u00e9n por aquellos que llegan desde otras partes del pa\u00eds o el mundo\u201d, consider\u00f3 en ese sentido.<br>\u201cPara el Superior Tribunal de Justicia, sin dudas es un orgullo ser parte de un proceso que es reconocido por su eficiencia, como tambi\u00e9n trabajar en forma conjunta en la formaci\u00f3n de un servicio de paz, que es lo que estamos haciendo. Eso es fundamental\u201d, concluy\u00f3 el ministro del STJ.<br>\u00a0<br>ESPACIOS DE CAPACITACI\u00d3N<br>Por su parte, el subsecretario de Modernizaci\u00f3n, Innovaci\u00f3n y Tecnolog\u00eda record\u00f3 que la iniciativa tuvo su origen en 2018, despu\u00e9s del primer censo municipal, \u201cen donde se not\u00f3 la necesidad y fundamentalmente el inter\u00e9s de los agentes municipales de capacitarse; y a partir de ah\u00ed surgi\u00f3 la creaci\u00f3n del Instituto de Capacitaci\u00f3n y Formaci\u00f3n del Agente Municipal, con lo cual empezamos a promover distintos ejes de acci\u00f3n y este es uno de ellos\u201d, explic\u00f3.<br>Azzi tambi\u00e9n se\u00f1al\u00f3 que en este ciclo de capacitaci\u00f3n se registr\u00f3 la inscripci\u00f3n de 180 agentes municipales y tambi\u00e9n que se cuenta con el funcionamiento de un aula virtual propia de la Municipalidad, lo cual permite no s\u00f3lo capacitar de manera presencial, sino tambi\u00e9n virtual y asincr\u00f3nica.<br>Finalmente, destac\u00f3 la iniciativa y la labor conjunta entre el STJ y la Municipalidad, a la vez que agradeci\u00f3 \u201cal intendente y al Ejecutivo en general, que acompa\u00f1an este tipo de estrategias, que no tienen otro objetivo que darle herramientas al agente municipal para que sirva a la ciudadan\u00eda y pueda brindar un mejor servicio\u201d, valor\u00f3.<\/p>\n","protected":false},"excerpt":{"rendered":"<p>El intendente particip\u00f3 del acto junto con el ministro del Superior Tribunal de Justicia Fernando&#8230;<\/p>\n","protected":false},"author":1,"featured_media":703,"comment_status":"open","ping_status":"open","sticky":false,"template":"","format":"standard","meta":[],"categories":[1],"tags":[],"_links":{"self":[{"href":"https:\/\/neanoticias.com\/index.php\/wp-json\/wp\/v2\/posts\/702"}],"collection":[{"href":"https:\/\/neanoticias.com\/index.php\/wp-json\/wp\/v2\/posts"}],"about":[{"href":"https:\/\/neanoticias.com\/index.php\/wp-json\/wp\/v2\/types\/post"}],"author":[{"embeddable":true,"href":"https:\/\/neanoticias.com\/index.php\/wp-json\/wp\/v2\/users\/1"}],"replies":[{"embeddable":true,"href":"https:\/\/neanoticias.com\/index.php\/wp-json\/wp\/v2\/comments?post=702"}],"version-history":[{"count":1,"href":"https:\/\/neanoticias.com\/index.php\/wp-json\/wp\/v2\/posts\/702\/revisions"}],"predecessor-version":[{"id":704,"href":"https:\/\/neanoticias.com\/index.php\/wp-json\/wp\/v2\/posts\/702\/revisions\/704"}],"wp:featuredmedia":[{"embeddable":true,"href":"https:\/\/neanoticias.com\/index.php\/wp-json\/wp\/v2\/media\/703"}],"wp:attachment":[{"href":"https:\/\/neanoticias.com\/index.php\/wp-json\/wp\/v2\/media?parent=702"}],"wp:term":[{"taxonomy":"category","embeddable":true,"href":"https:\/\/neanoticias.com\/index.php\/wp-json\/wp\/v2\/categories?post=702"},{"taxonomy":"post_tag","embeddable":true,"href":"https:\/\/neanoticias.com\/index.php\/wp-json\/wp\/v2\/tags?post=702"}],"curies":[{"name":"wp","href":"https:\/\/api.w.org\/{rel}","templated":true}]}}