{"id":699,"date":"2023-04-27T15:12:44","date_gmt":"2023-04-27T15:12:44","guid":{"rendered":"https:\/\/neanoticias.com\/?p=699"},"modified":"2023-04-27T15:12:45","modified_gmt":"2023-04-27T15:12:45","slug":"vecinos-cansados-de-delincuentes-filmados-piden-mas-patrullajes","status":"publish","type":"post","link":"https:\/\/neanoticias.com\/index.php\/2023\/04\/27\/vecinos-cansados-de-delincuentes-filmados-piden-mas-patrullajes\/","title":{"rendered":"VECINOS CANSADOS DE DELINCUENTES FILMADOS PIDEN M\u00c1S PATRULLAJES"},"content":{"rendered":"\n<p>Los malvivientes transitan a toda hora. Muchos quedan registrados por c\u00e1maras de seguridad. La Polic\u00eda los identifica pero a las pocas horas nuevamente est\u00e1n en las calles.<\/p>\n\n\n\n<figure class=\"wp-block-image size-full\"><img loading=\"lazy\" width=\"850\" height=\"887\" src=\"https:\/\/neanoticias.com\/wp-content\/uploads\/2023\/04\/1290868w850h887c.jpg.webp\" alt=\"\" class=\"wp-image-700\" srcset=\"https:\/\/neanoticias.com\/wp-content\/uploads\/2023\/04\/1290868w850h887c.jpg.webp 850w, https:\/\/neanoticias.com\/wp-content\/uploads\/2023\/04\/1290868w850h887c.jpg-287x300.webp 287w, https:\/\/neanoticias.com\/wp-content\/uploads\/2023\/04\/1290868w850h887c.jpg-768x801.webp 768w\" sizes=\"(max-width: 850px) 100vw, 850px\" \/><\/figure>\n\n\n\n<p>\u00daltimamente, delincuentes quedan filmados por c\u00e1maras de seguridad particulares en la capital provincial. Vecinos sienten que la inseguridad no termina a pesar de estar expuestas sus fotos. Piden mayores patrullajes.<\/p>\n\n\n\n<p>Uno de los ladrones qued\u00f3 filmado cuando robaba en el barrio Aldana. El muchacho ingres\u00f3 en varias oportunidades a un complejo habitacional, ubicado por calle Rol\u00f3n de donde sustrajo diversos elementos.<\/p>\n\n\n\n<p>D\u00edas despu\u00e9s gracias a la fuerza policial qued\u00f3 finalmente detenido, pero vecinos aseguran que pronto lo ver\u00e1n en la calle.<\/p>\n\n\n\n<p>&#8220;Rob\u00f3 en distintos d\u00edas. En el grupo de alerta de vecinos nos comunicamos para estar atentos, pero tenemos miedo que nos haga algo&#8221;, dijo una mujer a este medio, quien facilit\u00f3 videos de las andanzas de uno de los ladrones.<\/p>\n\n\n\n<p>Ayer se logr\u00f3 la aprehensi\u00f3n de uno de ellos y fue trasladado a la comisar\u00eda Cuarta por raz\u00f3n de jurisdicci\u00f3n.<\/p>\n\n\n\n<p>&#8220;Ellos quedan filmados pero de nada sirve, solo para saber qui\u00e9n es nada m\u00e1s&#8221;,agreg\u00f3 la vecina.<\/p>\n\n\n\n<p>Otra de las zonas donde los delincuentes quedan registrados por c\u00e1maras de seguridad particulares es el barrio San Benito.<\/p>\n\n\n\n<p>En la oportunidad se los ve transitar solos, algunos cargando bolsas de consorcios y otros aburridos, quiz\u00e1s de no conseguir algo. Adem\u00e1s prenden fuego cajones de maderas de una verduler\u00eda. Este \u00faltimo hecho sucedi\u00f3 en la madrugada del martes en la esquina de Elias Abad y Lavalle.<\/p>\n\n\n\n<p>All\u00ed, el due\u00f1o del comercio deja los cajones para guardar el lugar de estacionamiento para el cami\u00f3n de verduras que llega a la ma\u00f1ana. El martes, esos cajones fueron incinerados.<\/p>\n\n\n\n<p>Todo qued\u00f3 registrado por filmaciones de vecinos, quienes se molestaron porque cerca de all\u00ed hay veh\u00edculos estacionados por lo que el da\u00f1o pudo ser mayor. El fuego fue apagado momentos despu\u00e9s.<\/p>\n","protected":false},"excerpt":{"rendered":"<p>Los malvivientes transitan a toda hora. Muchos quedan registrados por c\u00e1maras de seguridad. La Polic\u00eda&#8230;<\/p>\n","protected":false},"author":1,"featured_media":700,"comment_status":"open","ping_status":"open","sticky":false,"template":"","format":"standard","meta":[],"categories":[1],"tags":[],"_links":{"self":[{"href":"https:\/\/neanoticias.com\/index.php\/wp-json\/wp\/v2\/posts\/699"}],"collection":[{"href":"https:\/\/neanoticias.com\/index.php\/wp-json\/wp\/v2\/posts"}],"about":[{"href":"https:\/\/neanoticias.com\/index.php\/wp-json\/wp\/v2\/types\/post"}],"author":[{"embeddable":true,"href":"https:\/\/neanoticias.com\/index.php\/wp-json\/wp\/v2\/users\/1"}],"replies":[{"embeddable":true,"href":"https:\/\/neanoticias.com\/index.php\/wp-json\/wp\/v2\/comments?post=699"}],"version-history":[{"count":1,"href":"https:\/\/neanoticias.com\/index.php\/wp-json\/wp\/v2\/posts\/699\/revisions"}],"predecessor-version":[{"id":701,"href":"https:\/\/neanoticias.com\/index.php\/wp-json\/wp\/v2\/posts\/699\/revisions\/701"}],"wp:featuredmedia":[{"embeddable":true,"href":"https:\/\/neanoticias.com\/index.php\/wp-json\/wp\/v2\/media\/700"}],"wp:attachment":[{"href":"https:\/\/neanoticias.com\/index.php\/wp-json\/wp\/v2\/media?parent=699"}],"wp:term":[{"taxonomy":"category","embeddable":true,"href":"https:\/\/neanoticias.com\/index.php\/wp-json\/wp\/v2\/categories?post=699"},{"taxonomy":"post_tag","embeddable":true,"href":"https:\/\/neanoticias.com\/index.php\/wp-json\/wp\/v2\/tags?post=699"}],"curies":[{"name":"wp","href":"https:\/\/api.w.org\/{rel}","templated":true}]}}