{"id":696,"date":"2023-04-27T15:11:33","date_gmt":"2023-04-27T15:11:33","guid":{"rendered":"https:\/\/neanoticias.com\/?p=696"},"modified":"2023-04-27T15:11:34","modified_gmt":"2023-04-27T15:11:34","slug":"policia-ira-a-juicio-oral-por-robo-de-corderos-en-amado-bonpland","status":"publish","type":"post","link":"https:\/\/neanoticias.com\/index.php\/2023\/04\/27\/policia-ira-a-juicio-oral-por-robo-de-corderos-en-amado-bonpland\/","title":{"rendered":"POLIC\u00cdA IR\u00c1 A JUICIO ORAL POR ROBO DE CORDEROS EN AMADO BONPLAND"},"content":{"rendered":"\n<p>Otros tres funcionarios solicitaron juicio abreviado. Los cuatro implicados fueron acusados de abigeato doblemente agravado.<\/p>\n\n\n\n<figure class=\"wp-block-image size-full\"><img loading=\"lazy\" width=\"850\" height=\"580\" src=\"https:\/\/neanoticias.com\/wp-content\/uploads\/2023\/04\/1290872w850h580c.jpg.webp\" alt=\"\" class=\"wp-image-697\" srcset=\"https:\/\/neanoticias.com\/wp-content\/uploads\/2023\/04\/1290872w850h580c.jpg.webp 850w, https:\/\/neanoticias.com\/wp-content\/uploads\/2023\/04\/1290872w850h580c.jpg-300x205.webp 300w, https:\/\/neanoticias.com\/wp-content\/uploads\/2023\/04\/1290872w850h580c.jpg-768x524.webp 768w\" sizes=\"(max-width: 850px) 100vw, 850px\" \/><\/figure>\n\n\n\n<p>El ahora excomisario Miguel Bogar\u00edn estar\u00e1 sentado en el banquillo de los acusados por el delito de abigeato doblemente agravado. En pocos meses el Tribunal de Juicio de Paso de los Libres comenzar\u00e1 el debate.<\/p>\n\n\n\n<p>En tanto que, los otros tres implicados en la misma causa, exintegrantes tambi\u00e9n de la Polic\u00eda de la provincia, L\u00f3pez Santo, Garc\u00eda y Escobar, fueron a juicio abreviado.<\/p>\n\n\n\n<p>Cabe recordar que el hecho tom\u00f3 trascendencia por las im\u00e1genes de una filmaci\u00f3n que se viraliz\u00f3 en la cual las evidencias del robo fueron encontradas en la heladera de la Comisar\u00eda de Bonpland.<\/p>\n\n\n\n<p>Miguel Bogar\u00edn, L\u00f3pez Santo, Garc\u00eda y Escobar fueron los funcionarios que quedaron imputados por el delito de &#8220;agibeato doblemente agravado&#8221;, los tres \u00faltimos recibieron la pena de cuatro a\u00f1os de prisi\u00f3n aunque la condena todav\u00eda no qued\u00f3 firme, informaron desde el portal de noticias confirmado.com.<\/p>\n\n\n\n<p>En tanto Bogar\u00edn espera fecha para el juicio oral.<\/p>\n\n\n\n<h2>El hecho<\/h2>\n\n\n\n<p>Ocurri\u00f3 en la localidad de Amado Bonpland, departamento de Paso de los Libres, el 25 de diciembre del 2021 poco despu\u00e9s de las 17.<\/p>\n\n\n\n<p>Un propietario rural, que ser\u00eda de apellido Rivero, lleg\u00f3 hasta la dependencia de la Polic\u00eda Rural e Islas (PRIAR) de esa localidad a denunciar el robo de varios animales de su propiedad.<\/p>\n\n\n\n<p>La Polic\u00eda actu\u00f3 r\u00e1pidamente por algunos indicios brindados por el denunciante, que llevaron a la investigaci\u00f3n hasta la comisar\u00eda de la misma localidad, donde se encontraron con las evidencias del robo en el interior de la heladera.<\/p>\n\n\n\n<p>Otro dato que llam\u00f3 la atenci\u00f3n en su momento fue que al llegar al lugar, la cajuela de unos de los veh\u00edculos policiales ten\u00eda manchas de sangre.<\/p>\n\n\n\n<h2>Secuestro de elementos<\/h2>\n\n\n\n<p>En la misma comisar\u00eda se secuestr\u00f3 una oveja faenada que estaba en la heladera, dos rifles, tres vainas servidas y siete proyectiles intactos.<\/p>\n\n\n\n<p>Por el hecho fueron detenidos el excomisario, Miguel Bogar\u00ecn, y los subalternos, Alejandro Garc\u00eda, Javier Escobar y Te\u00f3filo L\u00f3pez Santo.<\/p>\n\n\n\n<p>Posteriormente, la Justicia les dict\u00f3 prisi\u00f3n preventiva a los cuatro implicados y la c\u00fapula de la Polic\u00eda de la Provincia resolvi\u00f3 separarlos de la fuerza de seguridad.<\/p>\n\n\n\n<p>El juez de garant\u00eda que entendi\u00f3 la causa fue Gabriel Aldaz y el fiscal de Investigaciones Concretas fue Facundo Sotelo.<\/p>\n\n\n\n<p>El hecho tom\u00f3 trascendencia luego por las im\u00e1genes que se obtuvieron de los procedimientos.<\/p>\n","protected":false},"excerpt":{"rendered":"<p>Otros tres funcionarios solicitaron juicio abreviado. Los cuatro implicados fueron acusados de abigeato doblemente agravado&#8230;.<\/p>\n","protected":false},"author":1,"featured_media":697,"comment_status":"open","ping_status":"open","sticky":false,"template":"","format":"standard","meta":[],"categories":[1],"tags":[],"_links":{"self":[{"href":"https:\/\/neanoticias.com\/index.php\/wp-json\/wp\/v2\/posts\/696"}],"collection":[{"href":"https:\/\/neanoticias.com\/index.php\/wp-json\/wp\/v2\/posts"}],"about":[{"href":"https:\/\/neanoticias.com\/index.php\/wp-json\/wp\/v2\/types\/post"}],"author":[{"embeddable":true,"href":"https:\/\/neanoticias.com\/index.php\/wp-json\/wp\/v2\/users\/1"}],"replies":[{"embeddable":true,"href":"https:\/\/neanoticias.com\/index.php\/wp-json\/wp\/v2\/comments?post=696"}],"version-history":[{"count":1,"href":"https:\/\/neanoticias.com\/index.php\/wp-json\/wp\/v2\/posts\/696\/revisions"}],"predecessor-version":[{"id":698,"href":"https:\/\/neanoticias.com\/index.php\/wp-json\/wp\/v2\/posts\/696\/revisions\/698"}],"wp:featuredmedia":[{"embeddable":true,"href":"https:\/\/neanoticias.com\/index.php\/wp-json\/wp\/v2\/media\/697"}],"wp:attachment":[{"href":"https:\/\/neanoticias.com\/index.php\/wp-json\/wp\/v2\/media?parent=696"}],"wp:term":[{"taxonomy":"category","embeddable":true,"href":"https:\/\/neanoticias.com\/index.php\/wp-json\/wp\/v2\/categories?post=696"},{"taxonomy":"post_tag","embeddable":true,"href":"https:\/\/neanoticias.com\/index.php\/wp-json\/wp\/v2\/tags?post=696"}],"curies":[{"name":"wp","href":"https:\/\/api.w.org\/{rel}","templated":true}]}}