{"id":692,"date":"2023-04-21T14:01:27","date_gmt":"2023-04-21T14:01:27","guid":{"rendered":"https:\/\/neanoticias.com\/?p=692"},"modified":"2023-04-21T14:01:28","modified_gmt":"2023-04-21T14:01:28","slug":"alberto-fernandez-decidio-que-no-ira-por-la-reeleccion","status":"publish","type":"post","link":"https:\/\/neanoticias.com\/index.php\/2023\/04\/21\/alberto-fernandez-decidio-que-no-ira-por-la-reeleccion\/","title":{"rendered":"ALBERTO FERN\u00c1NDEZ DECIDI\u00d3 QUE NO IR\u00c1 POR LA REELECCI\u00d3N"},"content":{"rendered":"\n<p>Lo anunci\u00f3 a trav\u00e9s de un video publicado en sus redes sociales.\u00a0<\/p>\n\n\n\n<figure class=\"wp-block-image size-full\"><img loading=\"lazy\" width=\"850\" height=\"567\" src=\"https:\/\/neanoticias.com\/wp-content\/uploads\/2023\/04\/189744w850h567c.jpg.webp\" alt=\"\" class=\"wp-image-694\" srcset=\"https:\/\/neanoticias.com\/wp-content\/uploads\/2023\/04\/189744w850h567c.jpg.webp 850w, https:\/\/neanoticias.com\/wp-content\/uploads\/2023\/04\/189744w850h567c.jpg-300x200.webp 300w, https:\/\/neanoticias.com\/wp-content\/uploads\/2023\/04\/189744w850h567c.jpg-768x512.webp 768w\" sizes=\"(max-width: 850px) 100vw, 850px\" \/><\/figure>\n\n\n\n<p>A trav\u00e9s de las redes sociales confirm\u00f3 que baj\u00f3 su candidatura y argument\u00f3: &#8220;No logramos todo lo que nos propusimos&#8221;.<\/p>\n\n\n\n<p>Alberto Fern\u00e1ndez anunci\u00f3 que no ir\u00e1 por su reelecci\u00f3n. A trav\u00e9s de las redes sociales, el Presidente comparti\u00f3 un video en el que confirm\u00f3 que se bajaba de las elecciones.<\/p>\n\n\n\n<p>Despu\u00e9s de largos meses de expectativa, ri\u00f1as en el Frente de Todos,Alberto Fern\u00e1ndez anunci\u00f3 esta ma\u00f1ana que no se presentar\u00e1 para la reelecci\u00f3n. Esta tarde se celebra el Consejo del PJ, que preside el Jefe de Estado, y el kirchnerismo hab\u00eda adelantado que presionar\u00eda una vez m\u00e1s para pedirle que se corriera de la discusi\u00f3n.<\/p>\n\n\n\n<p>En la Casa Rosada dijeron que la decisi\u00f3n sobre el rol que tendr\u00e1 este a\u00f1o, que le ven\u00edan exigiendo desde los distintos sectores del FDT y que el Presidente demoraba, responde a que &#8220;debe concentrarse en resolver los problemas de los argentinos&#8221;. Y aclararon que &#8220;se pondr\u00e1 al frente de las PASO y del armado electoral&#8221;.<\/p>\n\n\n\n<p>El Presidente aparece muy golpeado en las encuestas, pero en su entorno sosten\u00edan que era competitivo en relaci\u00f3n a sus pares (excepto por Cristina Kirchner, la dirigente que m\u00e1s mide del espacio). Su decisi\u00f3n acerca de una candidatura era uno de los principales temas pendientes para el resto de los espacios y dirigentes para avanzar con el armado electoral.<\/p>\n\n\n\n<p>Hasta ayer, en la Casa Rosada, los funcionarios m\u00e1s cercanos al primer mandatario aseguraban que no ten\u00eda decidido qu\u00e9 har\u00eda. &#8220;Lo va a decidir de acuerdo a las encuestas, a la situaci\u00f3n general del pa\u00eds, y al consenso con el resto del espacio y su situaci\u00f3n personal&#8221;, hab\u00eda dicho un hombre de su entorno m\u00e1s \u00edntimo.<\/p>\n\n\n\n<p>Hoy, el Presidente public\u00f3 en su cuenta de Twitter un video donde, luego de una larga explicaci\u00f3n, dej\u00f3 saber que se correr\u00eda.<\/p>\n\n\n\n<p><\/p>\n","protected":false},"excerpt":{"rendered":"<p>Lo anunci\u00f3 a trav\u00e9s de un video publicado en sus redes sociales.\u00a0 A trav\u00e9s de&#8230;<\/p>\n","protected":false},"author":1,"featured_media":694,"comment_status":"open","ping_status":"open","sticky":false,"template":"","format":"standard","meta":[],"categories":[1],"tags":[],"_links":{"self":[{"href":"https:\/\/neanoticias.com\/index.php\/wp-json\/wp\/v2\/posts\/692"}],"collection":[{"href":"https:\/\/neanoticias.com\/index.php\/wp-json\/wp\/v2\/posts"}],"about":[{"href":"https:\/\/neanoticias.com\/index.php\/wp-json\/wp\/v2\/types\/post"}],"author":[{"embeddable":true,"href":"https:\/\/neanoticias.com\/index.php\/wp-json\/wp\/v2\/users\/1"}],"replies":[{"embeddable":true,"href":"https:\/\/neanoticias.com\/index.php\/wp-json\/wp\/v2\/comments?post=692"}],"version-history":[{"count":1,"href":"https:\/\/neanoticias.com\/index.php\/wp-json\/wp\/v2\/posts\/692\/revisions"}],"predecessor-version":[{"id":695,"href":"https:\/\/neanoticias.com\/index.php\/wp-json\/wp\/v2\/posts\/692\/revisions\/695"}],"wp:featuredmedia":[{"embeddable":true,"href":"https:\/\/neanoticias.com\/index.php\/wp-json\/wp\/v2\/media\/694"}],"wp:attachment":[{"href":"https:\/\/neanoticias.com\/index.php\/wp-json\/wp\/v2\/media?parent=692"}],"wp:term":[{"taxonomy":"category","embeddable":true,"href":"https:\/\/neanoticias.com\/index.php\/wp-json\/wp\/v2\/categories?post=692"},{"taxonomy":"post_tag","embeddable":true,"href":"https:\/\/neanoticias.com\/index.php\/wp-json\/wp\/v2\/tags?post=692"}],"curies":[{"name":"wp","href":"https:\/\/api.w.org\/{rel}","templated":true}]}}