{"id":69,"date":"2022-08-25T14:09:48","date_gmt":"2022-08-25T14:09:48","guid":{"rendered":"https:\/\/neanoticias.com\/?p=69"},"modified":"2022-08-25T14:09:49","modified_gmt":"2022-08-25T14:09:49","slug":"valdes-sobre-la-mision-a-ee-uu-es-dificil-nosotros-competimos-con-ellos","status":"publish","type":"post","link":"https:\/\/neanoticias.com\/index.php\/2022\/08\/25\/valdes-sobre-la-mision-a-ee-uu-es-dificil-nosotros-competimos-con-ellos\/","title":{"rendered":"VALD\u00c9S SOBRE LA MISI\u00d3N A EE.UU.: \u201cES DIF\u00cdCIL, NOSOTROS COMPETIMOS CON ELLOS\u201d"},"content":{"rendered":"\n<figure class=\"wp-block-image size-full\"><img loading=\"lazy\" width=\"770\" height=\"440\" src=\"https:\/\/neanoticias.com\/wp-content\/uploads\/2022\/08\/1661402444279.webp\" alt=\"\" class=\"wp-image-70\" srcset=\"https:\/\/neanoticias.com\/wp-content\/uploads\/2022\/08\/1661402444279.webp 770w, https:\/\/neanoticias.com\/wp-content\/uploads\/2022\/08\/1661402444279-300x171.webp 300w, https:\/\/neanoticias.com\/wp-content\/uploads\/2022\/08\/1661402444279-768x439.webp 768w\" sizes=\"(max-width: 770px) 100vw, 770px\" \/><\/figure>\n\n\n\n<p>El gobernador de Corrientes Gustavo Vald\u00e9s se refiri\u00f3 ayer a la reuni\u00f3n con los Gobernadores de Norte Grande que se realiz\u00f3 en Jujuy. Asegur\u00f3 que \u201ces dif\u00edcil\u201d su participaci\u00f3n en la misi\u00f3n comercial porque \u201ccompetimos con nuestros productos con Estados Unidos en hacienda y forestaci\u00f3n\u201d, aunque reconoci\u00f3 que le interesa \u201cla visita al Banco Mundial y al Banco Interamericano de Desarrollo (BID)\u201d. Consider\u00f3 como \u201cespeculaciones\u201d a la encuesta que junto al gobernador Gerardo Morales lo ubican como uno de los mandatarios con mejor imagen pol\u00edtica y tambi\u00e9n reiter\u00f3 la necesidad de la tarifa diferencial de energ\u00eda.<\/p>\n\n\n\n<p>El mandatario provincial ayer dialog\u00f3 con Mar\u00eda Mercedes por Radio Continental, donde se explay\u00f3 sobre los principales temas abordados en la reuni\u00f3n. Tras la invitaci\u00f3n del embajador argentino en Estados Unidos, Jorge Arg\u00fcello, consultado sobre su posible participaci\u00f3n en la misi\u00f3n comercial que emprender\u00e1n los mandatarios del Norte dijo que \u201ces dif\u00edcil, nosotros competimos con nuestros productos con Estados Unidos en hacienda, forestaci\u00f3n\u201d y agreg\u00f3 que \u201cestos productos, seg\u00fan Vald\u00e9s, \u201ctienen fundamentalmente destinos europeos. Es dif\u00edcil complementarnos y entrar a Estados Unidos. Lo que s\u00ed puede entrar es el lim\u00f3n, pero nosotros tenemos m\u00e1s un mercado europeo\u201d, aclar\u00f3.<\/p>\n\n\n\n<p>Aunque reconoci\u00f3 que \u201cs\u00ed nos interesa la visita al Banco Mundial y al BID (por el Banco Interamericano de Desarrollo) fundamentalmente, con quien nosotros trabajamos mucho. Estamos analizando la agenda y viendo las posibilidades, pero es dif\u00edcil. Es complejo viajar a Estados Unidos en estos momentos, por lo menos para m\u00ed\u201d, asegur\u00f3.<\/p>\n\n\n\n<p>La misi\u00f3n a Estados Unidos se emprender\u00e1 en septiembre y llevar\u00e1 a los mandatarios los d\u00edas 27, 28, 29 y 30 con el objetivo de formar rondas de reuniones con fondos de inversi\u00f3n, think tanks, empresas que operan en Argentina y la posibilidad de hacer una difusi\u00f3n cultural para fomentar el turismo y fortalecer los lazos bilaterales.<\/p>\n","protected":false},"excerpt":{"rendered":"<p>El gobernador de Corrientes Gustavo Vald\u00e9s se refiri\u00f3 ayer a la reuni\u00f3n con los Gobernadores&#8230;<\/p>\n","protected":false},"author":1,"featured_media":0,"comment_status":"open","ping_status":"open","sticky":false,"template":"","format":"standard","meta":[],"categories":[1],"tags":[],"_links":{"self":[{"href":"https:\/\/neanoticias.com\/index.php\/wp-json\/wp\/v2\/posts\/69"}],"collection":[{"href":"https:\/\/neanoticias.com\/index.php\/wp-json\/wp\/v2\/posts"}],"about":[{"href":"https:\/\/neanoticias.com\/index.php\/wp-json\/wp\/v2\/types\/post"}],"author":[{"embeddable":true,"href":"https:\/\/neanoticias.com\/index.php\/wp-json\/wp\/v2\/users\/1"}],"replies":[{"embeddable":true,"href":"https:\/\/neanoticias.com\/index.php\/wp-json\/wp\/v2\/comments?post=69"}],"version-history":[{"count":1,"href":"https:\/\/neanoticias.com\/index.php\/wp-json\/wp\/v2\/posts\/69\/revisions"}],"predecessor-version":[{"id":71,"href":"https:\/\/neanoticias.com\/index.php\/wp-json\/wp\/v2\/posts\/69\/revisions\/71"}],"wp:attachment":[{"href":"https:\/\/neanoticias.com\/index.php\/wp-json\/wp\/v2\/media?parent=69"}],"wp:term":[{"taxonomy":"category","embeddable":true,"href":"https:\/\/neanoticias.com\/index.php\/wp-json\/wp\/v2\/categories?post=69"},{"taxonomy":"post_tag","embeddable":true,"href":"https:\/\/neanoticias.com\/index.php\/wp-json\/wp\/v2\/tags?post=69"}],"curies":[{"name":"wp","href":"https:\/\/api.w.org\/{rel}","templated":true}]}}