{"id":689,"date":"2023-04-21T14:00:04","date_gmt":"2023-04-21T14:00:04","guid":{"rendered":"https:\/\/neanoticias.com\/?p=689"},"modified":"2023-04-21T14:00:04","modified_gmt":"2023-04-21T14:00:04","slug":"mundial-sub-20-en-argentina-confirmaron-cuales-seran-las-sedes","status":"publish","type":"post","link":"https:\/\/neanoticias.com\/index.php\/2023\/04\/21\/mundial-sub-20-en-argentina-confirmaron-cuales-seran-las-sedes\/","title":{"rendered":"MUNDIAL SUB-20 EN ARGENTINA: CONFIRMARON CU\u00c1LES SER\u00c1N LAS SEDES"},"content":{"rendered":"\n<p>Luego oficializar la organizaci\u00f3n y el boleto por ser anfitri\u00f3n, quedaron designados los estadios donde se jugar\u00e1n todos los partidos de la Copa del Mundo.<\/p>\n\n\n\n<figure class=\"wp-block-image size-full\"><img loading=\"lazy\" width=\"610\" height=\"457\" src=\"https:\/\/neanoticias.com\/wp-content\/uploads\/2023\/04\/194455w610h457c.jpg.webp\" alt=\"\" class=\"wp-image-690\" srcset=\"https:\/\/neanoticias.com\/wp-content\/uploads\/2023\/04\/194455w610h457c.jpg.webp 610w, https:\/\/neanoticias.com\/wp-content\/uploads\/2023\/04\/194455w610h457c.jpg-300x225.webp 300w\" sizes=\"(max-width: 610px) 100vw, 610px\" \/><\/figure>\n\n\n\n<p>El Mundial Sub-20, que se disputar\u00e1 entre el 20 de mayo y el 11 de junio en Argentina tras la baja de Indonesia, confirm\u00f3 cu\u00e1les ser\u00e1n los estadios que se utilizar\u00e1n como sede para todos los partidos de la competici\u00f3n.<br>Seg\u00fan inform\u00f3 el periodista de TyC Sports Mariano Antico, el estadio Madre de Ciudades de Santiago del Estero, el estadio \u00danico de La Plata, el estadio Malvinas Argentinas de Mendoza y el estadio San Juan del Bicentenario ser\u00e1n las sedes para la competici\u00f3n.<\/p>\n\n\n\n<p>&nbsp;<br>Adem\u00e1s, seg\u00fan agreg\u00f3, Santiago del Estero albergar\u00eda el partido inaugural del torneo, mientras que la ciudad de La Plata ver\u00eda de cerca la final del torneo.<\/p>\n\n\n\n<p>&nbsp;<br><strong>Los estadios para el Mundial Sub-20 en Argentina son estos<\/strong><br>Estadio Madre de Ciudades de Santiago del Estero<br>Catalogado como uno de los mejores estadios del pa\u00eds, el estadio que recibi\u00f3 a la Selecci\u00f3n Argentina en su reciente festejo frente a Curazao tiene una capacidad para 42 mil espectadores y ser\u00eda una fija para la Copa del Mundo Sub-20.<\/p>\n\n\n\n<p>&nbsp;&nbsp;<br>&nbsp;<br><strong>Estadio \u00danico de La Plata<\/strong><br>el estadio platense, sin equipo que haga de local en la actualidad, podr\u00eda albergar el certamen con su capacidad de 53 mil personas. Supo recibir a la Copa Am\u00e9rica 2011 y fue la casa de Estudiantes y Gimnasia por mucho tiempo.<\/p>\n\n\n\n<p>&nbsp;<br><strong>Estadio Malvinas Argentinas de Mendoza<\/strong><br>Fue sede del Mundial 1978, de la Copa del Mundo Sub-20 del 2001 y la Copa Am\u00e9rica 2011. Con 42.500 lugares a disposici\u00f3n promete ser uno de los estadios claves para quedarse con la organizaci\u00f3n de este torneo.<\/p>\n\n\n\n<p>&nbsp;&nbsp;<br>&nbsp;<br><strong>Estadio San Juan del Bicentenario<\/strong><br>Est\u00e1 ubicado al sur del Gran San Juan, al norte del departamento Pocito, en la Provincia de San Juan. Fue una de las sedes para la Copa Am\u00e9rica 2011. Su inauguraci\u00f3n se produjo el 16 de marzo de 2011.<\/p>\n\n\n\n<p>&nbsp;<br><strong>Cu\u00e1les fueron las sedes del Mundial Sub 20 Argentina 2001<\/strong><br>Durante aquel torneo que gan\u00f3 Argentina con un recordado equipo, los recintos que recibieron al Mundial fueron: Estadio Jos\u00e9 Amalfitani (Buenos Aires), Estadio Ol\u00edmpico Chateau Carreras (C\u00f3rdoba), Estadio Marcelo Bielsa (Rosario), Estadio Jos\u00e9 Mar\u00eda Minella (Mar del Plata), Estadio Padre Ernesto Martearena (Salta) y Estadio Malvinas Argentinas (Mendoza).<\/p>\n\n\n\n<p>&nbsp;&nbsp;<br>En aquel entonces, estadios como el Madre de Ciudades de Santiago del Estero o el \u00danico de La Plata, todav\u00eda no exist\u00edan.<\/p>\n","protected":false},"excerpt":{"rendered":"<p>Luego oficializar la organizaci\u00f3n y el boleto por ser anfitri\u00f3n, quedaron designados los estadios donde&#8230;<\/p>\n","protected":false},"author":1,"featured_media":690,"comment_status":"open","ping_status":"open","sticky":false,"template":"","format":"standard","meta":[],"categories":[1],"tags":[],"_links":{"self":[{"href":"https:\/\/neanoticias.com\/index.php\/wp-json\/wp\/v2\/posts\/689"}],"collection":[{"href":"https:\/\/neanoticias.com\/index.php\/wp-json\/wp\/v2\/posts"}],"about":[{"href":"https:\/\/neanoticias.com\/index.php\/wp-json\/wp\/v2\/types\/post"}],"author":[{"embeddable":true,"href":"https:\/\/neanoticias.com\/index.php\/wp-json\/wp\/v2\/users\/1"}],"replies":[{"embeddable":true,"href":"https:\/\/neanoticias.com\/index.php\/wp-json\/wp\/v2\/comments?post=689"}],"version-history":[{"count":1,"href":"https:\/\/neanoticias.com\/index.php\/wp-json\/wp\/v2\/posts\/689\/revisions"}],"predecessor-version":[{"id":691,"href":"https:\/\/neanoticias.com\/index.php\/wp-json\/wp\/v2\/posts\/689\/revisions\/691"}],"wp:featuredmedia":[{"embeddable":true,"href":"https:\/\/neanoticias.com\/index.php\/wp-json\/wp\/v2\/media\/690"}],"wp:attachment":[{"href":"https:\/\/neanoticias.com\/index.php\/wp-json\/wp\/v2\/media?parent=689"}],"wp:term":[{"taxonomy":"category","embeddable":true,"href":"https:\/\/neanoticias.com\/index.php\/wp-json\/wp\/v2\/categories?post=689"},{"taxonomy":"post_tag","embeddable":true,"href":"https:\/\/neanoticias.com\/index.php\/wp-json\/wp\/v2\/tags?post=689"}],"curies":[{"name":"wp","href":"https:\/\/api.w.org\/{rel}","templated":true}]}}