{"id":678,"date":"2023-04-13T14:35:01","date_gmt":"2023-04-13T14:35:01","guid":{"rendered":"https:\/\/neanoticias.com\/?p=678"},"modified":"2023-04-13T14:35:02","modified_gmt":"2023-04-13T14:35:02","slug":"un-correntino-disputara-el-titulo-mundial-en-kickboxin-waco-pro","status":"publish","type":"post","link":"https:\/\/neanoticias.com\/index.php\/2023\/04\/13\/un-correntino-disputara-el-titulo-mundial-en-kickboxin-waco-pro\/","title":{"rendered":"UN CORRENTINO DISPUTAR\u00c1 EL T\u00cdTULO MUNDIAL EN KICKBOXIN WACO PRO"},"content":{"rendered":"\n<p>Leo Corrales enfrentar\u00e1 a Alessandro Pani (Italia) por el t\u00edtulo mundial en Kickboxin Waco Pro. Ser\u00e1 el s\u00e1bado 6 de mayo en el club San Martin desde las 20 horas.<\/p>\n\n\n\n<figure class=\"wp-block-image size-full\"><img loading=\"lazy\" width=\"700\" height=\"875\" src=\"https:\/\/neanoticias.com\/wp-content\/uploads\/2023\/04\/283722.jpeg_nota.jpeg\" alt=\"\" class=\"wp-image-679\" srcset=\"https:\/\/neanoticias.com\/wp-content\/uploads\/2023\/04\/283722.jpeg_nota.jpeg 700w, https:\/\/neanoticias.com\/wp-content\/uploads\/2023\/04\/283722.jpeg_nota-240x300.jpeg 240w\" sizes=\"(max-width: 700px) 100vw, 700px\" \/><\/figure>\n\n\n\n<p><\/p>\n","protected":false},"excerpt":{"rendered":"<p>Leo Corrales enfrentar\u00e1 a Alessandro Pani (Italia) por el t\u00edtulo mundial en Kickboxin Waco Pro&#8230;.<\/p>\n","protected":false},"author":1,"featured_media":680,"comment_status":"open","ping_status":"open","sticky":false,"template":"","format":"standard","meta":[],"categories":[1],"tags":[],"_links":{"self":[{"href":"https:\/\/neanoticias.com\/index.php\/wp-json\/wp\/v2\/posts\/678"}],"collection":[{"href":"https:\/\/neanoticias.com\/index.php\/wp-json\/wp\/v2\/posts"}],"about":[{"href":"https:\/\/neanoticias.com\/index.php\/wp-json\/wp\/v2\/types\/post"}],"author":[{"embeddable":true,"href":"https:\/\/neanoticias.com\/index.php\/wp-json\/wp\/v2\/users\/1"}],"replies":[{"embeddable":true,"href":"https:\/\/neanoticias.com\/index.php\/wp-json\/wp\/v2\/comments?post=678"}],"version-history":[{"count":1,"href":"https:\/\/neanoticias.com\/index.php\/wp-json\/wp\/v2\/posts\/678\/revisions"}],"predecessor-version":[{"id":681,"href":"https:\/\/neanoticias.com\/index.php\/wp-json\/wp\/v2\/posts\/678\/revisions\/681"}],"wp:featuredmedia":[{"embeddable":true,"href":"https:\/\/neanoticias.com\/index.php\/wp-json\/wp\/v2\/media\/680"}],"wp:attachment":[{"href":"https:\/\/neanoticias.com\/index.php\/wp-json\/wp\/v2\/media?parent=678"}],"wp:term":[{"taxonomy":"category","embeddable":true,"href":"https:\/\/neanoticias.com\/index.php\/wp-json\/wp\/v2\/categories?post=678"},{"taxonomy":"post_tag","embeddable":true,"href":"https:\/\/neanoticias.com\/index.php\/wp-json\/wp\/v2\/tags?post=678"}],"curies":[{"name":"wp","href":"https:\/\/api.w.org\/{rel}","templated":true}]}}