{"id":674,"date":"2023-04-13T14:34:02","date_gmt":"2023-04-13T14:34:02","guid":{"rendered":"https:\/\/neanoticias.com\/?p=674"},"modified":"2023-04-13T14:34:02","modified_gmt":"2023-04-13T14:34:02","slug":"san-lorenzo-le-gano-1-0-a-boca-con-gol-en-contra-de-pol-fernandez","status":"publish","type":"post","link":"https:\/\/neanoticias.com\/index.php\/2023\/04\/13\/san-lorenzo-le-gano-1-0-a-boca-con-gol-en-contra-de-pol-fernandez\/","title":{"rendered":"SAN LORENZO LE GAN\u00d3 1-0 A BOCA CON GOL EN CONTRA DE POL FERN\u00c1NDEZ"},"content":{"rendered":"\n<p>Con un gol en contra de Pol Fern\u00e1ndez, San Lorenzo le gan\u00f3 1-0 a Boca en el debut de Jorge Almir\u00f3n como DT del Xeneize. Figal se fue expulsado en el segundo tiempo.<\/p>\n\n\n\n<figure class=\"wp-block-image size-full\"><img loading=\"lazy\" width=\"700\" height=\"413\" src=\"https:\/\/neanoticias.com\/wp-content\/uploads\/2023\/04\/242720.jpg_nota.jpg\" alt=\"\" class=\"wp-image-675\" srcset=\"https:\/\/neanoticias.com\/wp-content\/uploads\/2023\/04\/242720.jpg_nota.jpg 700w, https:\/\/neanoticias.com\/wp-content\/uploads\/2023\/04\/242720.jpg_nota-300x177.jpg 300w\" sizes=\"(max-width: 700px) 100vw, 700px\" \/><\/figure>\n\n\n\n<p>San Lorenzo&nbsp;le amarg\u00f3 el debut a&nbsp;Jorge Almir\u00f3n&nbsp;como DT&nbsp;Boca:&nbsp;gan\u00f3 1-0 en el Nuevo Gas\u00f3metro&nbsp;en un duelo correspondiente a la fecha 11 de la&nbsp;Liga Profesional,&nbsp;con un gol en contra de&nbsp;Pol Fern\u00e1ndez.&nbsp;Con este resultado, el Cicl\u00f3n le mete presi\u00f3n a&nbsp;River,&nbsp;mientras que el Xeneize, que termin\u00f3 con diez por la&nbsp;expulsi\u00f3n de Nicol\u00e1s Figal,&nbsp;sigue sin levantar cabeza.<\/p>\n\n\n\n<p>El equipo de\u00a0Rub\u00e9n Dar\u00edo Ins\u00faa\u00a0comenz\u00f3 mejor en el partido y a los 9 minutos, luego de que\u00a0Bruno Valdez\u00a0acusara una lesi\u00f3n, Iv\u00e1n Leguizam\u00f3n escap\u00f3 por la banda y meti\u00f3 el centro, la pelota se desvi\u00f3 en Pol Fern\u00e1ndez y se meti\u00f3 en el arco de Sergio &#8216;Chiquito&#8217; Romero, que nada pudo hacer para evitar la ca\u00edda de su valla.<\/p>\n\n\n\n<p>En un duelo por dem\u00e1s caliente, tambi\u00e9n se hizo presente la pol\u00e9mica: sobre el final de la primera etapa,&nbsp;Agust\u00edn S\u00e1ndez le fue fuerte de atr\u00e1s a Agust\u00edn Giay y Facundo Tello lo expuls\u00f3. Sin embargo, a instancias del VAR, cambi\u00f3 la roja por una amarilla.<\/p>\n\n\n\n<p>Para el complemento, los de Almir\u00f3n presionaron y tuvieron alguna chance para empatarlo, incluso pese a&nbsp;la expulsi\u00f3n por doble amonestaci\u00f3n de Nicol\u00e1s Figal.&nbsp;Pese a eso, los locales casi aprovechan de contragolpe para estirar la ventaja, pero no fueron efectivos y, finalmente,&nbsp;el marcador termin\u00f3 1-0 a favor de San Lorenzo.<br><br>Con este resultado, el Cicl\u00f3n lleg\u00f3 a&nbsp;23 puntos&nbsp;y se ubica&nbsp;segundo en la tabla de posiciones, por detr\u00e1s de River.&nbsp;Boca, por su parte, qued\u00f3 con 15 puntos por debajo de mitad de tabla.<\/p>\n\n\n\n<p>Gol de San Lorenzo, Pol Fern\u00e1ndez en contra (1-0)<\/p>\n\n\n\n<p>Iv\u00e1n Leguizam\u00f3n escap\u00f3 ante Bruno Valdez, que sufri\u00f3 una lesi\u00f3n y no lo pudo seguir, lleg\u00f3 al fondo y meti\u00f3 el centro fuerte, la pelota se desvi\u00f3 en Pol Fern\u00e1ndez y se meti\u00f3 en el arco defendido por Sergio &#8220;Chiquito&#8221; Romero.<\/p>\n\n\n\n<h4><br><br><\/h4>\n","protected":false},"excerpt":{"rendered":"<p>Con un gol en contra de Pol Fern\u00e1ndez, San Lorenzo le gan\u00f3 1-0 a Boca&#8230;<\/p>\n","protected":false},"author":1,"featured_media":676,"comment_status":"open","ping_status":"open","sticky":false,"template":"","format":"standard","meta":[],"categories":[1],"tags":[],"_links":{"self":[{"href":"https:\/\/neanoticias.com\/index.php\/wp-json\/wp\/v2\/posts\/674"}],"collection":[{"href":"https:\/\/neanoticias.com\/index.php\/wp-json\/wp\/v2\/posts"}],"about":[{"href":"https:\/\/neanoticias.com\/index.php\/wp-json\/wp\/v2\/types\/post"}],"author":[{"embeddable":true,"href":"https:\/\/neanoticias.com\/index.php\/wp-json\/wp\/v2\/users\/1"}],"replies":[{"embeddable":true,"href":"https:\/\/neanoticias.com\/index.php\/wp-json\/wp\/v2\/comments?post=674"}],"version-history":[{"count":1,"href":"https:\/\/neanoticias.com\/index.php\/wp-json\/wp\/v2\/posts\/674\/revisions"}],"predecessor-version":[{"id":677,"href":"https:\/\/neanoticias.com\/index.php\/wp-json\/wp\/v2\/posts\/674\/revisions\/677"}],"wp:featuredmedia":[{"embeddable":true,"href":"https:\/\/neanoticias.com\/index.php\/wp-json\/wp\/v2\/media\/676"}],"wp:attachment":[{"href":"https:\/\/neanoticias.com\/index.php\/wp-json\/wp\/v2\/media?parent=674"}],"wp:term":[{"taxonomy":"category","embeddable":true,"href":"https:\/\/neanoticias.com\/index.php\/wp-json\/wp\/v2\/categories?post=674"},{"taxonomy":"post_tag","embeddable":true,"href":"https:\/\/neanoticias.com\/index.php\/wp-json\/wp\/v2\/tags?post=674"}],"curies":[{"name":"wp","href":"https:\/\/api.w.org\/{rel}","templated":true}]}}