{"id":670,"date":"2023-04-13T14:31:55","date_gmt":"2023-04-13T14:31:55","guid":{"rendered":"https:\/\/neanoticias.com\/?p=670"},"modified":"2023-04-13T14:31:56","modified_gmt":"2023-04-13T14:31:56","slug":"conmocion-en-santo-tome-por-el-crimen-de-un-bibliotecario","status":"publish","type":"post","link":"https:\/\/neanoticias.com\/index.php\/2023\/04\/13\/conmocion-en-santo-tome-por-el-crimen-de-un-bibliotecario\/","title":{"rendered":"CONMOCI\u00d3N EN SANTO TOM\u00c9 POR EL CRIMEN DE UN BIBLIOTECARIO"},"content":{"rendered":"\n<p>En las \u00faltimas horas la ciudad de Santo Tom\u00e9 se vio conmovida por el crimen de un reconocido bibliotecario. El cuerpo v\u00edctima fue hallado\u00a0el martes por la ma\u00f1ana en el interior de su casa, ubicada en el barrio 20 viviendas de esa localidad. Por el hecho hay una persona detenida y no se descarta que haya otros involucrados.<\/p>\n\n\n\n<figure class=\"wp-block-image size-full\"><img loading=\"lazy\" width=\"700\" height=\"613\" src=\"https:\/\/neanoticias.com\/wp-content\/uploads\/2023\/04\/334497.jpg_nota.jpg\" alt=\"\" class=\"wp-image-671\" srcset=\"https:\/\/neanoticias.com\/wp-content\/uploads\/2023\/04\/334497.jpg_nota.jpg 700w, https:\/\/neanoticias.com\/wp-content\/uploads\/2023\/04\/334497.jpg_nota-300x263.jpg 300w\" sizes=\"(max-width: 700px) 100vw, 700px\" \/><\/figure>\n\n\n\n<p><strong>Julio Esp\u00edndola<\/strong>, era un reconocido empleado de una Biblioteca Popular Bernardino Rivadavia de&nbsp;<strong>Santo Tom\u00e9<\/strong>&nbsp;y en la ma\u00f1ana del martes&nbsp;<strong>fue hallado sin vida<\/strong>&nbsp;en el interior de su casa en el barrio 20 viviendas de esa localidad.<\/p>\n\n\n\n<p>De a acuerdo al informe policial<strong>\u00a0se espera el resultado de la autopsia<\/strong>\u00a0para determinar las causas de la muerte del profesor de Historia de 52 a\u00f1os.<\/p>\n\n\n\n<p>Tras las investigaciones realizadas por la Polic\u00eda de Corrientes en las \u00faltimas horas\u00a0<strong>demoraron a hombre mayor de edad y a un joven de 24 a\u00f1os<\/strong>\u00a0quienes podr\u00edan estra vinculados al hecho<\/p>\n","protected":false},"excerpt":{"rendered":"<p>En las \u00faltimas horas la ciudad de Santo Tom\u00e9 se vio conmovida por el crimen&#8230;<\/p>\n","protected":false},"author":1,"featured_media":672,"comment_status":"open","ping_status":"open","sticky":false,"template":"","format":"standard","meta":[],"categories":[1],"tags":[],"_links":{"self":[{"href":"https:\/\/neanoticias.com\/index.php\/wp-json\/wp\/v2\/posts\/670"}],"collection":[{"href":"https:\/\/neanoticias.com\/index.php\/wp-json\/wp\/v2\/posts"}],"about":[{"href":"https:\/\/neanoticias.com\/index.php\/wp-json\/wp\/v2\/types\/post"}],"author":[{"embeddable":true,"href":"https:\/\/neanoticias.com\/index.php\/wp-json\/wp\/v2\/users\/1"}],"replies":[{"embeddable":true,"href":"https:\/\/neanoticias.com\/index.php\/wp-json\/wp\/v2\/comments?post=670"}],"version-history":[{"count":1,"href":"https:\/\/neanoticias.com\/index.php\/wp-json\/wp\/v2\/posts\/670\/revisions"}],"predecessor-version":[{"id":673,"href":"https:\/\/neanoticias.com\/index.php\/wp-json\/wp\/v2\/posts\/670\/revisions\/673"}],"wp:featuredmedia":[{"embeddable":true,"href":"https:\/\/neanoticias.com\/index.php\/wp-json\/wp\/v2\/media\/672"}],"wp:attachment":[{"href":"https:\/\/neanoticias.com\/index.php\/wp-json\/wp\/v2\/media?parent=670"}],"wp:term":[{"taxonomy":"category","embeddable":true,"href":"https:\/\/neanoticias.com\/index.php\/wp-json\/wp\/v2\/categories?post=670"},{"taxonomy":"post_tag","embeddable":true,"href":"https:\/\/neanoticias.com\/index.php\/wp-json\/wp\/v2\/tags?post=670"}],"curies":[{"name":"wp","href":"https:\/\/api.w.org\/{rel}","templated":true}]}}