{"id":662,"date":"2023-03-31T17:09:07","date_gmt":"2023-03-31T17:09:07","guid":{"rendered":"https:\/\/neanoticias.com\/?p=662"},"modified":"2023-03-31T17:09:08","modified_gmt":"2023-03-31T17:09:08","slug":"tassano-anuncio-que-el-plus-extraordinario-a-municipales-se-pagara-desde-este-martes-21","status":"publish","type":"post","link":"https:\/\/neanoticias.com\/index.php\/2023\/03\/31\/tassano-anuncio-que-el-plus-extraordinario-a-municipales-se-pagara-desde-este-martes-21\/","title":{"rendered":"TASSANO ANUNCI\u00d3 QUE EL PLUS EXTRAORDINARIO A MUNICIPALES SE PAGAR\u00c1 DESDE ESTE MARTES 21"},"content":{"rendered":"\n<p><em>El pago para los trabajadores de planta y contrato se har\u00e1 este martes 21. Los agentes Neike bancarizados tambi\u00e9n tendr\u00e1n depositados sus pluses el 21. Por su parte, los Neike no bancarizados cobrar\u00e1n por terminaci\u00f3n del DNI, desde el 21 y hasta el jueves 23, en la Caja Municipal de Pr\u00e9stamos.<\/em><\/p>\n\n\n\n<figure class=\"wp-block-image size-large\"><img loading=\"lazy\" width=\"767\" height=\"1024\" src=\"https:\/\/neanoticias.com\/wp-content\/uploads\/2023\/03\/94d93b7a-a7f9-144b-a537-369962f37af0-767x1024.jpeg\" alt=\"\" class=\"wp-image-663\" srcset=\"https:\/\/neanoticias.com\/wp-content\/uploads\/2023\/03\/94d93b7a-a7f9-144b-a537-369962f37af0-767x1024.jpeg 767w, https:\/\/neanoticias.com\/wp-content\/uploads\/2023\/03\/94d93b7a-a7f9-144b-a537-369962f37af0-225x300.jpeg 225w, https:\/\/neanoticias.com\/wp-content\/uploads\/2023\/03\/94d93b7a-a7f9-144b-a537-369962f37af0-768x1025.jpeg 768w, https:\/\/neanoticias.com\/wp-content\/uploads\/2023\/03\/94d93b7a-a7f9-144b-a537-369962f37af0.jpeg 981w\" sizes=\"(max-width: 767px) 100vw, 767px\" \/><\/figure>\n\n\n\n<p>Este martes 21, la Municipalidad de Corrientes iniciar\u00e1 el pago del plus extraordinario de marzo para todo el personal, seg\u00fan inform\u00f3 el intendente Eduardo Tassano.<br>Los trabajadores de planta y contrato y los agentes Neike bancarizados tendr\u00e1n depositados los pluses en sus respectivas cuentas bancarias el martes 21, dinero al que podr\u00e1n acceder extray\u00e9ndolo a trav\u00e9s de los cajeros autom\u00e1ticos habilitados.<br>Por su parte, aquellos trabajadores Neike que no est\u00e1n bancarizados deber\u00e1n dirigirse a la Caja Municipal de Pr\u00e9stamos (CMP), en su sede central, ubicada en Brasil 1269. Los pagos se har\u00e1n de lunes a viernes, de 7.30 a 12.30 y de 16 a 20.30.<br>En este caso, este martes 21 les corresponder\u00e1 cobrar a los trabajadores cuyos DNI terminen en 0, 1 y 2; el mi\u00e9rcoles 22, a los agentes con DNI finalizados en 3, 4, 5 y 6; y el jueves 23, a los que tengan documentos que culminen en 7, 8 y 9.<\/p>\n","protected":false},"excerpt":{"rendered":"<p>El pago para los trabajadores de planta y contrato se har\u00e1 este martes 21. Los&#8230;<\/p>\n","protected":false},"author":1,"featured_media":663,"comment_status":"open","ping_status":"open","sticky":false,"template":"","format":"standard","meta":[],"categories":[1],"tags":[],"_links":{"self":[{"href":"https:\/\/neanoticias.com\/index.php\/wp-json\/wp\/v2\/posts\/662"}],"collection":[{"href":"https:\/\/neanoticias.com\/index.php\/wp-json\/wp\/v2\/posts"}],"about":[{"href":"https:\/\/neanoticias.com\/index.php\/wp-json\/wp\/v2\/types\/post"}],"author":[{"embeddable":true,"href":"https:\/\/neanoticias.com\/index.php\/wp-json\/wp\/v2\/users\/1"}],"replies":[{"embeddable":true,"href":"https:\/\/neanoticias.com\/index.php\/wp-json\/wp\/v2\/comments?post=662"}],"version-history":[{"count":1,"href":"https:\/\/neanoticias.com\/index.php\/wp-json\/wp\/v2\/posts\/662\/revisions"}],"predecessor-version":[{"id":664,"href":"https:\/\/neanoticias.com\/index.php\/wp-json\/wp\/v2\/posts\/662\/revisions\/664"}],"wp:featuredmedia":[{"embeddable":true,"href":"https:\/\/neanoticias.com\/index.php\/wp-json\/wp\/v2\/media\/663"}],"wp:attachment":[{"href":"https:\/\/neanoticias.com\/index.php\/wp-json\/wp\/v2\/media?parent=662"}],"wp:term":[{"taxonomy":"category","embeddable":true,"href":"https:\/\/neanoticias.com\/index.php\/wp-json\/wp\/v2\/categories?post=662"},{"taxonomy":"post_tag","embeddable":true,"href":"https:\/\/neanoticias.com\/index.php\/wp-json\/wp\/v2\/tags?post=662"}],"curies":[{"name":"wp","href":"https:\/\/api.w.org\/{rel}","templated":true}]}}