{"id":66,"date":"2022-08-25T13:14:57","date_gmt":"2022-08-25T13:14:57","guid":{"rendered":"https:\/\/neanoticias.com\/?p=66"},"modified":"2022-08-25T13:14:58","modified_gmt":"2022-08-25T13:14:58","slug":"la-polemica-frase-de-alberto-al-comparar-al-fiscal-luciani-con-nisman","status":"publish","type":"post","link":"https:\/\/neanoticias.com\/index.php\/2022\/08\/25\/la-polemica-frase-de-alberto-al-comparar-al-fiscal-luciani-con-nisman\/","title":{"rendered":"LA POL\u00c9MICA FRASE DE ALBERTO AL COMPARAR AL FISCAL LUCIANI CON NISMAN"},"content":{"rendered":"\n<p>El presidente\u00a0defendi\u00f3 la inocencia de la vice y embisti\u00f3 contra el Tribunal.\u00a0<\/p>\n\n\n\n<p><\/p>\n\n\n\n<figure class=\"wp-block-image size-full\"><img loading=\"lazy\" width=\"770\" height=\"440\" src=\"https:\/\/neanoticias.com\/wp-content\/uploads\/2022\/08\/1661402398978.webp\" alt=\"\" class=\"wp-image-67\" srcset=\"https:\/\/neanoticias.com\/wp-content\/uploads\/2022\/08\/1661402398978.webp 770w, https:\/\/neanoticias.com\/wp-content\/uploads\/2022\/08\/1661402398978-300x171.webp 300w, https:\/\/neanoticias.com\/wp-content\/uploads\/2022\/08\/1661402398978-768x439.webp 768w\" sizes=\"(max-width: 770px) 100vw, 770px\" \/><\/figure>\n\n\n\n<p>El presidente Alberto Fern\u00e1ndez habl\u00f3 por primera vez en una entrevista televisiva tras los rumores sobre un posible indulto a la vicepresidenta en el marco de la causa Vialidad, donde es juzgada como presunta jefa de una asociaci\u00f3n il\u00edcita. \u201cMe pareci\u00f3 que era oportuno venir a hablar\u201d, dijo en la se\u00f1al Todo Noticias.<\/p>\n\n\n\n<p>Sobre la posibilidad de que Fern\u00e1ndez de Kirchner obtenga un perd\u00f3n presidencial, dijo: \u201cElla no quiere pensar en un indulto. Yo pienso lo mismo. Nunca cambi\u00e9 mi pensamiento. El indulto es algo del pasado, de la monarqu\u00eda. Mi an\u00e1lisis es cr\u00edtico respecto del perd\u00f3n presidencial\u201d. Luego, apunt\u00f3 contra la Justicia.<\/p>\n\n\n\n<p>\u201cEs selectiva. Cuando uno ve lo que est\u00e1 pasando en la Justicia y en esta causa\u2026 veo la decadencia del sistema judicial y expreso ese decaimiento desde 2016\u2026\u201d, reproch\u00f3. El jefe de Estado critic\u00f3 al fiscal Diego Luciani, al destacar que \u201cdice poco y dice cosas como que un Gobierno es una asociaci\u00f3n il\u00edcita\u201d.<\/p>\n\n\n\n<p>En un momento de la entrevista y sin que se lo mencionaran, Fern\u00e1ndez hizo una desafortunada comparaci\u00f3n entre Luciani y Nisman. En un momento en el que le consultaron sobre la seguridad del fiscal, \u00e9l dijo: \u201cAlentar la idea de que le puede pasar a Luciani lo que le pas\u00f3 a Nisman\u2026 hasta ac\u00e1 lo que le pas\u00f3 a Nisman es que se suicid\u00f3. Hasta ac\u00e1 no se prob\u00f3 otra cosa. Espero que no haga algo as\u00ed el fiscal Luciani\u201d.<\/p>\n\n\n\n<p>Tras la pol\u00e9mica declaraci\u00f3n, prosigui\u00f3 con las supuestas incongruencias existentes en el alegato del fiscal. \u201cLuciani parti\u00f3 de una premisa ins\u00f3lita que dec\u00eda que ella [en referencia a Cristina Kirchner] como Presidenta no pod\u00eda saber lo que pasaba. Adem\u00e1s, todos los delitos que le imput\u00f3 [A Cristina Kirchner] son delitos que exigen dolo directo, es decir haber querido cometer el delito. \u00bfC\u00f3mo puede ser que saque esa conclusi\u00f3n?, resalt\u00f3.<\/p>\n\n\n\n<p>Y acot\u00f3: \u201cDice tambi\u00e9n cosas tales como que un Gobierno es una asociaci\u00f3n il\u00edcita. Con toda franqueza, no lo conozco al fiscal Luciani, no s\u00e9 c\u00f3mo es su calidad doctrinaria, lo que s\u00ed digo es que es de una debilidad todo lo que ha dicho. Lo mismo hab\u00eda dicho para con Julio De Vido\u201d.<\/p>\n\n\n\n<p>A modo de resumen general sobre lo que \u00e9l percibe es la causa Vialidad, insisti\u00f3 en que se trata de un proceso \u201cinsostenible jur\u00eddicamente\u201d. A continuaci\u00f3n, se mostr\u00f3 seguro de la inocencia de CFK: \u201cEn esta causa Cristina no tiene nada que ver, no tenga ninguna duda. \u00bfQui\u00e9n va a querer ser presidente en la Argentina si se va a tener que hacer responsable de todo lo que pasa en su Gobierno?\u201d. Como si fuera poco, el mandatario hizo extensiva la inocencia de Fern\u00e1ndez de Kirchner a las dem\u00e1s causas en las que estuvo involucrada al sostener que \u201cno cometi\u00f3 ninguno de los delitos que se le atribuyen\u201d.<\/p>\n\n\n\n<p>Una vez m\u00e1s, se centr\u00f3 en los aparentes desmanejos en la obra p\u00fablica y remarc\u00f3: Todas las operaciones de las que habla son operaciones registradas, escrituras, cheques, dep\u00f3sitos en bancos. Que una Presidenta haga negocios inmobiliarios con una persona que estaba contratada por el Estado es una cuesti\u00f3n \u00e9tica no es una cuesti\u00f3n penal\u201d.<\/p>\n\n\n\n<p>Fern\u00e1ndez aprovech\u00f3 para hacer un peque\u00f1o ap\u00e9ndice y pronunciarse sobre Julio De Vido. Se sincer\u00f3 y dijo \u201cno conozco el caso puntualmente\u201d. Respecto de Jos\u00e9 L\u00f3pez, no fue tan benevolente: \u201cEl caso de L\u00f3pez, \u00bfQu\u00e9 quieren que diga? Un se\u00f1or que andaba con nueve millones de d\u00f3lares a las cuatro de la ma\u00f1ana. Cristina expres\u00f3 claramente su decepci\u00f3n hacia \u00e9l\u201d<\/p>\n\n\n\n<p>A pocos d\u00edas del pedido de Luciani por 12 a\u00f1os de prisi\u00f3n efectiva contra Fern\u00e1ndez de Kirchner, junto con la inhabilitaci\u00f3n de por vida para ejercer cargos p\u00fablicos y el decomiso de parte de su fortuna, el Jefe de Estado alert\u00f3: \u201cQuiero que todos los argentinos entiendan que con estas l\u00f3gicas se construyen doctrinas que despu\u00e9s son muy peligrosas\u201d.<\/p>\n\n\n\n<p>n relaci\u00f3n a su v\u00ednculo con la vicepresidenta, admiti\u00f3 haber deslizado cr\u00edticas en su contra -puntualmente a partir de 2015. Sin embargo, aclar\u00f3 contar con la \u201ccerteza\u201d de que \u201cCristina es una mujer honesta\u201d. \u201cElla no ha participado en nada de lo que le est\u00e1n diciendo\u201d, volvi\u00f3 a decir Fern\u00e1ndez: \u201cTampoco dudo de la honestidad de N\u00e9stor\u201d. \u201cLe estamos cuestionando que hac\u00eda negocios, operaciones inmobiliarias con alguien que estaba vinculado al Estado\u201d, sostuvo.<\/p>\n\n\n\n<p>Y complet\u00f3: \u201cNi Cristina ni yo queremos defender ning\u00fan acto de corrupci\u00f3n. A nosotros no nos une la b\u00fasqueda de impunidad, nos une la b\u00fasqueda de Justicia. Es momento de que prestemos atenci\u00f3n a lo que est\u00e1 pasando con la justicia, porque este juicio es un disparate jur\u00eddico respecto de Cristina Kirchner. Estamos hablando de una causa donde hay 51 obras cuestionadas y se han hecho pericias sobre cinco. Es de una falta de seriedad asombrosa\u201d.<\/p>\n\n\n\n<p>El Presidente habl\u00f3 luego sobre el estado de alerta y movilizaci\u00f3n que promueven y pregonan los sectores kirchneristas en caso de que se dicte condena firme contra la vicepresidenta. \u201cA mi no me preocupa que la gente salga a la calle\u201d, asever\u00f3. Y celebr\u00f3: \u201ccreo que tenemos que generar una gran movilizaci\u00f3n para defender la democracia, los derechos humanos y pedir por una Justicia independiente. Estar en las calles no quiere decir ser violentos\u201d.<\/p>\n\n\n\n<p>\u201cYa nadie cultiva la violencia. La primera que no cultiva la violencia es Cristina, quien nos mostr\u00f3 lo que estaban haciendo en la puerta de su casa, que los primeros grupos llegaron a su domicilio para insultarla como hace habitualmente. La l\u00f3gica del escrache, del insulto no se soporta m\u00e1s en la Argentina\u201d, reivindic\u00f3.<\/p>\n\n\n\n<p>Durante los \u00faltimos tramos del di\u00e1logo televisivo, el l\u00edder del oficialismo habl\u00f3 por unos pocos minutos sobre la p\u00e9rdida de poder en el Gobierno y los recurrentes cambios en el gabinete. \u201cEl Presidente soy yo\u201d, afirm\u00f3 si titubear. Acto seguido, se refiri\u00f3 a las modificaciones que sufri\u00f3 el Ministerio de Econom\u00eda -entre otros ministerios- que hoy preside Sergio Massa.&nbsp;<\/p>\n","protected":false},"excerpt":{"rendered":"<p>El presidente\u00a0defendi\u00f3 la inocencia de la vice y embisti\u00f3 contra el Tribunal.\u00a0 El presidente Alberto&#8230;<\/p>\n","protected":false},"author":1,"featured_media":0,"comment_status":"open","ping_status":"open","sticky":false,"template":"","format":"standard","meta":[],"categories":[1],"tags":[],"_links":{"self":[{"href":"https:\/\/neanoticias.com\/index.php\/wp-json\/wp\/v2\/posts\/66"}],"collection":[{"href":"https:\/\/neanoticias.com\/index.php\/wp-json\/wp\/v2\/posts"}],"about":[{"href":"https:\/\/neanoticias.com\/index.php\/wp-json\/wp\/v2\/types\/post"}],"author":[{"embeddable":true,"href":"https:\/\/neanoticias.com\/index.php\/wp-json\/wp\/v2\/users\/1"}],"replies":[{"embeddable":true,"href":"https:\/\/neanoticias.com\/index.php\/wp-json\/wp\/v2\/comments?post=66"}],"version-history":[{"count":1,"href":"https:\/\/neanoticias.com\/index.php\/wp-json\/wp\/v2\/posts\/66\/revisions"}],"predecessor-version":[{"id":68,"href":"https:\/\/neanoticias.com\/index.php\/wp-json\/wp\/v2\/posts\/66\/revisions\/68"}],"wp:attachment":[{"href":"https:\/\/neanoticias.com\/index.php\/wp-json\/wp\/v2\/media?parent=66"}],"wp:term":[{"taxonomy":"category","embeddable":true,"href":"https:\/\/neanoticias.com\/index.php\/wp-json\/wp\/v2\/categories?post=66"},{"taxonomy":"post_tag","embeddable":true,"href":"https:\/\/neanoticias.com\/index.php\/wp-json\/wp\/v2\/tags?post=66"}],"curies":[{"name":"wp","href":"https:\/\/api.w.org\/{rel}","templated":true}]}}