{"id":659,"date":"2023-03-31T17:07:55","date_gmt":"2023-03-31T17:07:55","guid":{"rendered":"https:\/\/neanoticias.com\/?p=659"},"modified":"2023-03-31T17:07:56","modified_gmt":"2023-03-31T17:07:56","slug":"motociclista-murio-despues-de-ser-chocado-por-carreros-que-huyeron","status":"publish","type":"post","link":"https:\/\/neanoticias.com\/index.php\/2023\/03\/31\/motociclista-murio-despues-de-ser-chocado-por-carreros-que-huyeron\/","title":{"rendered":"MOTOCICLISTA MURI\u00d3 DESPU\u00c9S DE SER CHOCADO POR CARREROS QUE HUYERON"},"content":{"rendered":"\n<p>El veh\u00edculo traccionado por un caballo y cargado de arena era ocupado por dos hombres. Esas personas escaparon tras chocar a la moto en la cual iba H\u00e9ctor G\u00f3mez, de 65 a\u00f1os, quien falleci\u00f3 mientras recib\u00eda atenci\u00f3n en un hospital.<\/p>\n\n\n\n<figure class=\"wp-block-image size-full\"><img loading=\"lazy\" width=\"850\" height=\"631\" src=\"https:\/\/neanoticias.com\/wp-content\/uploads\/2023\/03\/1286532w850h631c.jpg.webp\" alt=\"\" class=\"wp-image-660\" srcset=\"https:\/\/neanoticias.com\/wp-content\/uploads\/2023\/03\/1286532w850h631c.jpg.webp 850w, https:\/\/neanoticias.com\/wp-content\/uploads\/2023\/03\/1286532w850h631c.jpg-300x223.webp 300w, https:\/\/neanoticias.com\/wp-content\/uploads\/2023\/03\/1286532w850h631c.jpg-768x570.webp 768w\" sizes=\"(max-width: 850px) 100vw, 850px\" \/><\/figure>\n\n\n\n<p>Un hombre muri\u00f3 horas despu\u00e9s de que la motocicleta en la cual circulaba colision\u00f3 con un carro traccionado por un caballo y cuyos ocupantes decidieron escapar sin asistir a la persona herida.<\/p>\n\n\n\n<p>Se trata del tercer siniestro de tr\u00e1nsito registrado este mes en la capital provincial, con carreros involucrados y bajo igual comportamiento frente a la gravedad de los casos: todas esas personas eligieron darse a la fuga.<\/p>\n\n\n\n<p>Anteriormente, un hombre perdi\u00f3 la vida y un otro sufri\u00f3 lesiones de suma gravedad, a causa de incidentes viales ocurridos a plena luz del d\u00eda en arterias de alto caudal de tr\u00e1nsito.<\/p>\n\n\n\n<p>El \u00faltimo episodio fatal tuvo como v\u00edctima a H\u00e9ctor G\u00f3mez, de 65 a\u00f1os, quien anteayer, alrededor de las 8:30, manejaba una Zanella 150 en la intersecci\u00f3n de las avenidas Garay y JR Vidal, en el sector correspondiente al barrio Juan XXIII, seg\u00fan precisaron a \u00e9poca fuentes policiales.<\/p>\n\n\n\n<p>Dos hombres guiaban el carro cargado de arena. Ambos transitaban por Garay en direcci\u00f3n a la avenida Cuarto Centenario, mientras G\u00f3mez lo hac\u00eda sobre JR Vidal, de Norte a Sur.<\/p>\n\n\n\n<p>Tras el impacto, los carreros continuaron la marcha. El motociclista cay\u00f3 sobre el pavimento, acusando diversas lesiones. En el lugar fue socorrido por transe\u00fantes ocasionales. Luego llegaron polic\u00edas y personal sanitario.<\/p>\n\n\n\n<p>El sexagenario debi\u00f3 ser trasladado de urgencia al Hospital Escuela, en el que falleci\u00f3 horas m\u00e1s tarde.<\/p>\n\n\n\n<p>Autoridades de la comisar\u00eda seccional Duod\u00e9cima iniciaron la pesquisa correspondiente y habr\u00edan identificado a uno de los dos ocupantes del veh\u00edculo de tracci\u00f3n a sangre. Tal sujeto permanec\u00eda pr\u00f3fugo al cierre de la presente edici\u00f3n.<\/p>\n\n\n\n<p>En el escenario del choque qued\u00f3 algo de arena esparcida y con posterioridad confirmaron que el carro llevaba ese material desde la ribera del r\u00edo Paran\u00e1 hacia un inmueble en construcci\u00f3n.<\/p>\n\n\n\n<p>G\u00f3mez era un hombre reconocido en el ambiente del b\u00e1squetbol local e identificado con el Club Alvear, en el que supo ser dirigente.<\/p>\n\n\n\n<h2>Abandonados<\/h2>\n\n\n\n<p>El 1 de marzo, en avenida Armenia y Chacabuco, un carro choc\u00f3 la moto en la cual transitaba Justo Gonz\u00e1lez, de 69 a\u00f1os, quien a ra\u00edz de diversas lesiones muri\u00f3 el d\u00eda siguiente.<\/p>\n\n\n\n<p>Una semana m\u00e1s tarde, el 8 de marzo, Emanuel Lagra\u00f1a, cabo primero de la Polic\u00eda provincial, result\u00f3 con heridas de gravedad cuando fue colisionado por un carro en la esquina de avenida JR Vidal e Iber\u00e1.<\/p>\n\n\n\n<p>Ambos incidentes tuvieron una particularidad: los responsables de los veh\u00edculos de tracci\u00f3n a sangre escaparon en un claro acto de abandono de persona.<\/p>\n\n\n\n<p>Ahora, sumado al episodio que damnific\u00f3 a G\u00f3mez, los responsables de los tres carros deber\u00e1n rendir cuentas con la Justicia, una vez que sean localizados.<\/p>\n\n\n\n<p>La semana pasada, familiares de Lagra\u00f1a y Gonz\u00e1lez realizaron una movilizaci\u00f3n en reclamo de justicia.<\/p>\n\n\n\n<p>&#8220;Se\u00f1ores de la Ley, quiero justicia por mi papi&#8221;. &#8220;Si la justicia existe, tiene que ser para todos. Nadie puede quedar excluido. De lo contrario, ya no ser\u00eda justicia&#8221;, expresaron seres cercanos al polic\u00eda.<\/p>\n\n\n\n<p>Diana, hija de Justo, record\u00f3 que el d\u00eda del siniestro fatal su pap\u00e1 fue a realizar tr\u00e1mites y manejaba su moto &#8220;con el casco puesto&#8221;.<\/p>\n\n\n\n<p><\/p>\n","protected":false},"excerpt":{"rendered":"<p>El veh\u00edculo traccionado por un caballo y cargado de arena era ocupado por dos hombres&#8230;.<\/p>\n","protected":false},"author":1,"featured_media":660,"comment_status":"open","ping_status":"open","sticky":false,"template":"","format":"standard","meta":[],"categories":[1],"tags":[],"_links":{"self":[{"href":"https:\/\/neanoticias.com\/index.php\/wp-json\/wp\/v2\/posts\/659"}],"collection":[{"href":"https:\/\/neanoticias.com\/index.php\/wp-json\/wp\/v2\/posts"}],"about":[{"href":"https:\/\/neanoticias.com\/index.php\/wp-json\/wp\/v2\/types\/post"}],"author":[{"embeddable":true,"href":"https:\/\/neanoticias.com\/index.php\/wp-json\/wp\/v2\/users\/1"}],"replies":[{"embeddable":true,"href":"https:\/\/neanoticias.com\/index.php\/wp-json\/wp\/v2\/comments?post=659"}],"version-history":[{"count":1,"href":"https:\/\/neanoticias.com\/index.php\/wp-json\/wp\/v2\/posts\/659\/revisions"}],"predecessor-version":[{"id":661,"href":"https:\/\/neanoticias.com\/index.php\/wp-json\/wp\/v2\/posts\/659\/revisions\/661"}],"wp:featuredmedia":[{"embeddable":true,"href":"https:\/\/neanoticias.com\/index.php\/wp-json\/wp\/v2\/media\/660"}],"wp:attachment":[{"href":"https:\/\/neanoticias.com\/index.php\/wp-json\/wp\/v2\/media?parent=659"}],"wp:term":[{"taxonomy":"category","embeddable":true,"href":"https:\/\/neanoticias.com\/index.php\/wp-json\/wp\/v2\/categories?post=659"},{"taxonomy":"post_tag","embeddable":true,"href":"https:\/\/neanoticias.com\/index.php\/wp-json\/wp\/v2\/tags?post=659"}],"curies":[{"name":"wp","href":"https:\/\/api.w.org\/{rel}","templated":true}]}}