{"id":656,"date":"2023-03-31T17:07:02","date_gmt":"2023-03-31T17:07:02","guid":{"rendered":"https:\/\/neanoticias.com\/?p=656"},"modified":"2023-03-31T17:07:02","modified_gmt":"2023-03-31T17:07:02","slug":"presentan-el-plan-de-fomento-para-desarrollar-la-actividad-audiovisual","status":"publish","type":"post","link":"https:\/\/neanoticias.com\/index.php\/2023\/03\/31\/presentan-el-plan-de-fomento-para-desarrollar-la-actividad-audiovisual\/","title":{"rendered":"PRESENTAN EL PLAN DE FOMENTO PARA DESARROLLAR LA ACTIVIDAD AUDIOVISUAL"},"content":{"rendered":"\n<p>El Instituto de Cultura de Corrientes ofrecer\u00e1, guiado por un Consejo Asesor integrado por los propios realizadores audiovisuales, apoyo financiero para el desarrollo de series, cortos y largometrajes, lo que contribuir\u00e1 a potenciar la calidad de la realizaci\u00f3n en la regi\u00f3n.<\/p>\n\n\n\n<figure class=\"wp-block-image size-full\"><img loading=\"lazy\" width=\"850\" height=\"502\" src=\"https:\/\/neanoticias.com\/wp-content\/uploads\/2023\/03\/1286522w850h502c.jpg.webp\" alt=\"\" class=\"wp-image-657\" srcset=\"https:\/\/neanoticias.com\/wp-content\/uploads\/2023\/03\/1286522w850h502c.jpg.webp 850w, https:\/\/neanoticias.com\/wp-content\/uploads\/2023\/03\/1286522w850h502c.jpg-300x177.webp 300w, https:\/\/neanoticias.com\/wp-content\/uploads\/2023\/03\/1286522w850h502c.jpg-768x454.webp 768w\" sizes=\"(max-width: 850px) 100vw, 850px\" \/><\/figure>\n\n\n\n<p>En conferencia de prensa en el Sal\u00f3n Verde de Casa de Gobierno, presentaron el Plan Provincial de Fomento al Audiovisual 2023. Formaron parte del lanzamiento el presidente del Instituto de Cultura de Corrientes, Gabriel Romero, acompa\u00f1ado por Natalia Vega, Betty Andino, Tom\u00e1s Dilsizi\u00e1n y Manuel Ibarra, miembros del Consejo Audiovisual, y representantes del Foro de Pol\u00edticas Audiovisuales.<\/p>\n\n\n\n<p>Este plan es el resultado de un trabajo conjunto entre el Instituto de Cultura y el sector audiovisual y est\u00e1 destinado a fortalecer e impulsar esta actividad en Corrientes a trav\u00e9s de concursos que se abrir\u00e1n durante el a\u00f1o. &#8220;Tras la firma de un convenio marco a fines del a\u00f1o pasado, celebro que podamos seguir trabajando de manera conjunta con este grupo de realizadores y pensar hacia adelante un proyecto audiovisual para la provincia&#8221;, expres\u00f3 Gabriel Romero en la conferencia.<\/p>\n\n\n\n<p>A trav\u00e9s de convocatorias, se ofrecer\u00e1 apoyo financiero para el desarrollo de series, cortos y largometrajes, producci\u00f3n y post-producci\u00f3n, lo que contribuir\u00e1 a potenciar la calidad de la realizaci\u00f3n en la regi\u00f3n. Adem\u00e1s, se va a impulsar la concreci\u00f3n de los foros de pol\u00edticas audiovisuales en Capital y el interior, se seguir\u00e1 trabajando con la comisi\u00f3n de filmaciones &#8220;Corrientes tierra de cine&#8221;, se brindar\u00e1 apoyo econ\u00f3mico a festivales de cine, se iniciar\u00e1 el programa &#8220;Pon\u00e9 tu productora en acci\u00f3n&#8221;, y se acompa\u00f1ar\u00e1n capacitaciones para el trabajo de archivo, que rescate la obra audiovisual de la provincia.<\/p>\n\n\n\n<p>El primero de los concursos del Plan de Fomento ser\u00e1 el de Desarrollo de Carpetas, que se abrir\u00e1 a finales de marzo. Tendr\u00e1 como objetivo apoyar tres proyectos de cortometrajes, dos de largometrajes y tres series. Durante el a\u00f1o se pretende lanzar convocatorias a concursos de producci\u00f3n y post-producci\u00f3n de cortos y largometrajes.<\/p>\n\n\n\n<p>Cabe destacar que este mismo equipo forma parte del Foro de Pol\u00edticas Audiovisuales. Ese grupo, conformado por realizadores, productoras, estudiantes, actores y actrices, sindicatos, unidades acad\u00e9micas y festivales de cine, est\u00e1 llevando adelante la redacci\u00f3n de un anteproyecto de Ley de Fomento a la producci\u00f3n audiovisual.<\/p>\n\n\n\n<p>Esta legislaci\u00f3n promover\u00e1 la producci\u00f3n audiovisual en la provincia de Corrientes, difundiendo las realidades regionales y dando lugar a la diversidad de los imaginarios culturales y tur\u00edsticos. Potenciar\u00e1 la generaci\u00f3n de valor, empleo y la realizaci\u00f3n de inversiones en emprendimientos de producci\u00f3n audiovisual, generando circuitos econ\u00f3micos involucrando la labor de los diferentes sectores productivos que dan forma a una realizaci\u00f3n audiovisual.<\/p>\n\n\n\n<h2>Contin\u00faa abierta la convocatoria para ArteCo 2023<\/h2>\n\n\n\n<p>El Instituto de Cultura informa que sigue abierta la posibilidad de postularse para la 5\u00b0 edici\u00f3n de la Feria de Arte Contempor\u00e1neo de Corrientes, ArteCo 2023. La Feria se realizar\u00e1 los d\u00edas 18,19, 20 y 21 de mayo en el predio de la Ex-Usina El\u00e9ctrica de la ciudad.<\/p>\n\n\n\n<p>Invitan a todos los artistas individuales, galer\u00edas y proyectos art\u00edsticos a sumarse a la feria m\u00e1s importante de la regi\u00f3n. Ya est\u00e1 disponible el formulario de inscripci\u00f3n para postulantes para quienes deseen exponer en ArteCo 2023. La convocatoria est\u00e1 abierta hasta el 26 de marzo inclusive.<\/p>\n\n\n\n<p>La edici\u00f3n 2023 de ArteCo combina la experiencia de exposici\u00f3n y venta de obras de manera f\u00edsica de artistas, proyectos y galer\u00edas que presentan artistas del NEA con un programa especial de exhibiciones, intervenciones, conversatorios y capacitaciones.<\/p>\n\n\n\n<p>El formulario de inscripci\u00f3n para ambas categor\u00edas estar\u00e1 disponible hasta el 26 de marzo del corriente a\u00f1o y los interesados podr\u00e1n completarlo ingresando a la cuenta de Instagram oficial de la feria @arteco_feriaok y en la p\u00e1gina oficial del evento ww.corrientesarteco.com.<\/p>\n\n\n\n<h2>Llega a Corrientes &#8220;La Bresh&#8221;<\/h2>\n\n\n\n<p>La mejor fiesta de todas vuelve a la ciudad y esta vez renovada con la mejor diversi\u00f3n. La vas a poder disfrutar en el boliche de Lamadrid 75 el pr\u00f3ximo jueves 23 de marzo, desde las 23:59.<\/p>\n\n\n\n<p>La Bresh te ofrece vivir una noche diferente con la mejor m\u00fasica, diversi\u00f3n, barras, DJs y muchas sorpresas en un lugar \u00fanico, al aire libre, para poder disfrutar del evento m\u00e1s lindo del mundo.<\/p>\n\n\n\n<p>Los interesados pueden adquirir sus entradas a trav\u00e9s de passline.com\/eventos\/bresh-en-corrientes.<\/p>\n","protected":false},"excerpt":{"rendered":"<p>El Instituto de Cultura de Corrientes ofrecer\u00e1, guiado por un Consejo Asesor integrado por los&#8230;<\/p>\n","protected":false},"author":1,"featured_media":657,"comment_status":"open","ping_status":"open","sticky":false,"template":"","format":"standard","meta":[],"categories":[1],"tags":[],"_links":{"self":[{"href":"https:\/\/neanoticias.com\/index.php\/wp-json\/wp\/v2\/posts\/656"}],"collection":[{"href":"https:\/\/neanoticias.com\/index.php\/wp-json\/wp\/v2\/posts"}],"about":[{"href":"https:\/\/neanoticias.com\/index.php\/wp-json\/wp\/v2\/types\/post"}],"author":[{"embeddable":true,"href":"https:\/\/neanoticias.com\/index.php\/wp-json\/wp\/v2\/users\/1"}],"replies":[{"embeddable":true,"href":"https:\/\/neanoticias.com\/index.php\/wp-json\/wp\/v2\/comments?post=656"}],"version-history":[{"count":1,"href":"https:\/\/neanoticias.com\/index.php\/wp-json\/wp\/v2\/posts\/656\/revisions"}],"predecessor-version":[{"id":658,"href":"https:\/\/neanoticias.com\/index.php\/wp-json\/wp\/v2\/posts\/656\/revisions\/658"}],"wp:featuredmedia":[{"embeddable":true,"href":"https:\/\/neanoticias.com\/index.php\/wp-json\/wp\/v2\/media\/657"}],"wp:attachment":[{"href":"https:\/\/neanoticias.com\/index.php\/wp-json\/wp\/v2\/media?parent=656"}],"wp:term":[{"taxonomy":"category","embeddable":true,"href":"https:\/\/neanoticias.com\/index.php\/wp-json\/wp\/v2\/categories?post=656"},{"taxonomy":"post_tag","embeddable":true,"href":"https:\/\/neanoticias.com\/index.php\/wp-json\/wp\/v2\/tags?post=656"}],"curies":[{"name":"wp","href":"https:\/\/api.w.org\/{rel}","templated":true}]}}