{"id":647,"date":"2023-03-31T16:51:19","date_gmt":"2023-03-31T16:51:19","guid":{"rendered":"https:\/\/neanoticias.com\/?p=647"},"modified":"2023-03-31T16:51:20","modified_gmt":"2023-03-31T16:51:20","slug":"omnibus-aplasto-a-un-adolescente-que-derrapo-con-su-moto","status":"publish","type":"post","link":"https:\/\/neanoticias.com\/index.php\/2023\/03\/31\/omnibus-aplasto-a-un-adolescente-que-derrapo-con-su-moto\/","title":{"rendered":"\u00d3MNIBUS APLAST\u00d3 A UN ADOLESCENTE QUE DERRAP\u00d3 CON SU MOTO"},"content":{"rendered":"\n<p>La v\u00edctima manejaba una cross 200. El micro de larga distancia atropell\u00f3 al menor, provoc\u00e1ndole m\u00faltiples heridas y la muerte en el acto. Ten\u00eda 15 a\u00f1os.<\/p>\n\n\n\n<figure class=\"wp-block-image size-full\"><img loading=\"lazy\" width=\"850\" height=\"512\" src=\"https:\/\/neanoticias.com\/wp-content\/uploads\/2023\/03\/1286537w850h512c.jpg-1.webp\" alt=\"\" class=\"wp-image-648\" srcset=\"https:\/\/neanoticias.com\/wp-content\/uploads\/2023\/03\/1286537w850h512c.jpg-1.webp 850w, https:\/\/neanoticias.com\/wp-content\/uploads\/2023\/03\/1286537w850h512c.jpg-1-300x181.webp 300w, https:\/\/neanoticias.com\/wp-content\/uploads\/2023\/03\/1286537w850h512c.jpg-1-768x463.webp 768w\" sizes=\"(max-width: 850px) 100vw, 850px\" \/><\/figure>\n\n\n\n<p>Un adolescente de 15 a\u00f1os muri\u00f3 en la ciudad correntina de Santo Tom\u00e9, donde fue aplastado por un \u00f3mnibus de larga distancia.<\/p>\n\n\n\n<p>El menor conduc\u00eda una motocicleta tipo cross, en la cual derrap\u00f3 hasta caer al paso del transporte de pasajeros.<\/p>\n\n\n\n<p>La tragedia se produjo ayer, poco despu\u00e9s de medianoche, en Ruta Provincial N\u00b094, casi en su empalme con la Ruta Nacional N\u00b014, en el sector denominado como &#8220;el tri\u00e1ngulo&#8221;, acceso principal a la localidad situada en la costa del R\u00edo Uruguay.<\/p>\n\n\n\n<p>De acuerdo a informaci\u00f3n conocida por diario \u00e9poca, el jovencito manejaba una Mondial 200 cuando result\u00f3 arrollado por un micro de la empresa R\u00edo Uruguay. El \u00f3mnibus ingresaba a Santo Tom\u00e9 desde la carretera nacional.<\/p>\n\n\n\n<p>El chofer del micro detuvo la marcha a poca distancia.<\/p>\n\n\n\n<p>Ese hombre, junto a su compa\u00f1ero de trabajo, llamaron a la Polic\u00eda.<\/p>\n\n\n\n<p>Efectivos de la comisar\u00eda Segunda llegaron al escenario del siniestro de tr\u00e1nsito, desde el que constataron la gravedad del accidente.<\/p>\n\n\n\n<p>El cuerpo del adolescente estaba tirado junto a la motocicleta con el cr\u00e1neo destrozado.<\/p>\n\n\n\n<p>No pasaron muchos minutos hasta que la noticia lleg\u00f3 a o\u00eddos de la familia del menor. Al lugar concurri\u00f3 su madre, quien reconoci\u00f3 el cuerpo antes de verse afectada por una crisis de nervios.<\/p>\n\n\n\n<p>Desde el punto del impacto, tanto la moto como el jovencito fueron arrastrados a lo largo de unos 30 metros.<\/p>\n\n\n\n<p>El adolescente manejaba sin casco de seguridad.<\/p>\n\n\n\n<p>Con intervenci\u00f3n de la Unidad Fiscal de Recepci\u00f3n y An\u00e1lisis de Casos, la Polic\u00eda inici\u00f3 una causa caratulada como &#8220;muerte en accidente de tr\u00e1nsito&#8221;.<\/p>\n\n\n\n<p>Finalizada la autopsia, el cad\u00e1ver del joven fue entregado a la familia para la inhumaci\u00f3n.<\/p>\n\n\n\n<h2>Ca\u00edda mortal<\/h2>\n\n\n\n<p>La Polic\u00eda inform\u00f3 ayer sobre la muerte de un motociclista en la localidad de Garruchos, departamento de Santo Tom\u00e9, luego de caer con su motocicleta por una raz\u00f3n no determinada.<\/p>\n\n\n\n<p>El hecho luctuoso se produjo el mi\u00e9rcoles a la tarde, sobre Ruta Provincial N\u00b094.<\/p>\n\n\n\n<p>Seg\u00fan manifestaron desde la instituci\u00f3n de seguridad, el hombre identificado con el apellido Da Silva manejaba una Brava 150.<\/p>\n\n\n\n<p>Cerca de las 19:30, en la comisar\u00eda de la zona recibieron un llamado alertando sobre la existencia de una persona tirada junto a una motocicleta. Al llegar, encontraron al hombre malherido, a quien derivaron a un centro de salud en el que falleci\u00f3 el jueves.<\/p>\n\n\n\n<p>La principal hip\u00f3tesis indica que Da Silva perdi\u00f3 el equilibrio y cuando cay\u00f3 sufri\u00f3 aquellas severas lesiones.&nbsp;Tags<\/p>\n\n\n\n<p><a href=\"https:\/\/www.diarioepoca.com\/t1831-accidente-fatal\">Accidente Fatal<\/a><\/p>\n","protected":false},"excerpt":{"rendered":"<p>La v\u00edctima manejaba una cross 200. El micro de larga distancia atropell\u00f3 al menor, provoc\u00e1ndole&#8230;<\/p>\n","protected":false},"author":1,"featured_media":648,"comment_status":"open","ping_status":"open","sticky":false,"template":"","format":"standard","meta":[],"categories":[1],"tags":[],"_links":{"self":[{"href":"https:\/\/neanoticias.com\/index.php\/wp-json\/wp\/v2\/posts\/647"}],"collection":[{"href":"https:\/\/neanoticias.com\/index.php\/wp-json\/wp\/v2\/posts"}],"about":[{"href":"https:\/\/neanoticias.com\/index.php\/wp-json\/wp\/v2\/types\/post"}],"author":[{"embeddable":true,"href":"https:\/\/neanoticias.com\/index.php\/wp-json\/wp\/v2\/users\/1"}],"replies":[{"embeddable":true,"href":"https:\/\/neanoticias.com\/index.php\/wp-json\/wp\/v2\/comments?post=647"}],"version-history":[{"count":1,"href":"https:\/\/neanoticias.com\/index.php\/wp-json\/wp\/v2\/posts\/647\/revisions"}],"predecessor-version":[{"id":649,"href":"https:\/\/neanoticias.com\/index.php\/wp-json\/wp\/v2\/posts\/647\/revisions\/649"}],"wp:featuredmedia":[{"embeddable":true,"href":"https:\/\/neanoticias.com\/index.php\/wp-json\/wp\/v2\/media\/648"}],"wp:attachment":[{"href":"https:\/\/neanoticias.com\/index.php\/wp-json\/wp\/v2\/media?parent=647"}],"wp:term":[{"taxonomy":"category","embeddable":true,"href":"https:\/\/neanoticias.com\/index.php\/wp-json\/wp\/v2\/categories?post=647"},{"taxonomy":"post_tag","embeddable":true,"href":"https:\/\/neanoticias.com\/index.php\/wp-json\/wp\/v2\/tags?post=647"}],"curies":[{"name":"wp","href":"https:\/\/api.w.org\/{rel}","templated":true}]}}