{"id":641,"date":"2023-03-31T16:23:56","date_gmt":"2023-03-31T16:23:56","guid":{"rendered":"https:\/\/neanoticias.com\/?p=641"},"modified":"2023-03-31T16:23:57","modified_gmt":"2023-03-31T16:23:57","slug":"declaro-la-madre-de-irina-la-joven-muerta-en-un-inquilinato","status":"publish","type":"post","link":"https:\/\/neanoticias.com\/index.php\/2023\/03\/31\/declaro-la-madre-de-irina-la-joven-muerta-en-un-inquilinato\/","title":{"rendered":"DECLAR\u00d3 LA MADRE DE IRINA, LA JOVEN MUERTA EN UN INQUILINATO"},"content":{"rendered":"\n<p>En sala de audiencias del Tribunal Oral Penal 1 se desarroll\u00f3 la segunda jornada de debate por la muerte de una quincea\u00f1era, Irina L., ocurrido el 2 de enero de 2018, en una habitaci\u00f3n de un inquilinato ubicado en el barrio capitalino San Marcos.<\/p>\n\n\n\n<figure class=\"wp-block-image size-full\"><img loading=\"lazy\" width=\"850\" height=\"699\" src=\"https:\/\/neanoticias.com\/wp-content\/uploads\/2023\/03\/1286543w850h699c.jpg.webp\" alt=\"\" class=\"wp-image-642\" srcset=\"https:\/\/neanoticias.com\/wp-content\/uploads\/2023\/03\/1286543w850h699c.jpg.webp 850w, https:\/\/neanoticias.com\/wp-content\/uploads\/2023\/03\/1286543w850h699c.jpg-300x247.webp 300w, https:\/\/neanoticias.com\/wp-content\/uploads\/2023\/03\/1286543w850h699c.jpg-768x632.webp 768w\" sizes=\"(max-width: 850px) 100vw, 850px\" \/><\/figure>\n\n\n\n<p>En la oportunidad fueron cuatro los testigos citados, entre ellos dos efectivos policiales, personal de salud del 107 y la madre de la menor de nombre Griselda, quien asegur\u00f3 que a su hija le gustaba Wenderson De Souza, el acusado, pero que no eran pareja.<\/p>\n\n\n\n<p>Sin dudas, la declaraci\u00f3n de la progenitora dio detalles de lo ocurrido esa tarde. Dijo que su hija menor busc\u00f3 a Irina L. porque su beb\u00e9 estaba llorando, por lo que deb\u00eda darle de mamar. En el lugar se encuentra con C. Santana, mujer de nacionalidad brasile\u00f1a, quien le dice (de malas maneras) que Irina fue a comprar carne. Momentos despu\u00e9s, quien pregunta por la joven es su madre, a quien nuevamente responde lo mismo, sin saber que su hija estar\u00eda siendo abusada en la habitaci\u00f3n que ella alquilaba.<\/p>\n\n\n\n<p>Griselda cont\u00f3 tambi\u00e9n que fue su hija menor quien le grit\u00f3 que a Irina algo le hicieron y fue cuando lleg\u00f3 a la &#8220;pieza&#8221; en la que estaba sin ropa, ensangrentada y sin vida.<\/p>\n\n\n\n<p>&#8220;Sin dudas, Santana fue encubridora pero tambi\u00e9n part\u00edcipe primario de la muerte de la joven, porque sab\u00eda que cuando era buscada por su madre, estaba en su habitaci\u00f3n con m\u00e1s de un muchacho. Ella facilit\u00f3 el lugar&#8221;, dijo desde la querella a diario \u00e9poca, Salvador Pischeda.<\/p>\n\n\n\n<p>Respecto a la situaci\u00f3n legal de Santana, Pischeda record\u00f3 que en una primera instancia tuvo como resultado el sobreseimiento en el caso, pero un a\u00f1o despu\u00e9s el Superior Tribunal de Justicia orden\u00f3 nuevamente la investigaci\u00f3n del caso, por lo que espera que sea vinculada a los hechos.<\/p>\n\n\n\n<p>El juicio continuar\u00e1 el pr\u00f3ximo jueves 23, a las 8, en el que se espera la presencia de tres testigos.<\/p>\n\n\n\n<p>Wenderson De Souza enfrenta el delito de &#8220;violaci\u00f3n con acceso carnal, con resultado de muerte y agravado por la edad de la v\u00edctima&#8221;.<\/p>\n\n\n\n<p>Cabe recordar que dos de seis brasile\u00f1os estuvieron sospechados por la violaci\u00f3n que deriv\u00f3 en el homicidio de la quincea\u00f1era. El hecho se produjo en enero de 2018, en un pensionado del barrio capitalino San Marcos, en el que Irina viv\u00eda con su hijo de pocos meses, su madre y una hermana. Los brasile\u00f1os eran vecinos de estas mujeres. Seg\u00fan se pudo comprobar, Irina fue penetrada por ambas v\u00edas y a ra\u00edz de esto se abri\u00f3 una herida que ten\u00eda por haberse practicado una ces\u00e1rea. Muri\u00f3 desangrada en una habitaci\u00f3n en la que hab\u00eda preservativos y un colch\u00f3n manchado con sangre.<\/p>\n","protected":false},"excerpt":{"rendered":"<p>En sala de audiencias del Tribunal Oral Penal 1 se desarroll\u00f3 la segunda jornada de&#8230;<\/p>\n","protected":false},"author":1,"featured_media":642,"comment_status":"open","ping_status":"open","sticky":false,"template":"","format":"standard","meta":[],"categories":[1],"tags":[],"_links":{"self":[{"href":"https:\/\/neanoticias.com\/index.php\/wp-json\/wp\/v2\/posts\/641"}],"collection":[{"href":"https:\/\/neanoticias.com\/index.php\/wp-json\/wp\/v2\/posts"}],"about":[{"href":"https:\/\/neanoticias.com\/index.php\/wp-json\/wp\/v2\/types\/post"}],"author":[{"embeddable":true,"href":"https:\/\/neanoticias.com\/index.php\/wp-json\/wp\/v2\/users\/1"}],"replies":[{"embeddable":true,"href":"https:\/\/neanoticias.com\/index.php\/wp-json\/wp\/v2\/comments?post=641"}],"version-history":[{"count":1,"href":"https:\/\/neanoticias.com\/index.php\/wp-json\/wp\/v2\/posts\/641\/revisions"}],"predecessor-version":[{"id":643,"href":"https:\/\/neanoticias.com\/index.php\/wp-json\/wp\/v2\/posts\/641\/revisions\/643"}],"wp:featuredmedia":[{"embeddable":true,"href":"https:\/\/neanoticias.com\/index.php\/wp-json\/wp\/v2\/media\/642"}],"wp:attachment":[{"href":"https:\/\/neanoticias.com\/index.php\/wp-json\/wp\/v2\/media?parent=641"}],"wp:term":[{"taxonomy":"category","embeddable":true,"href":"https:\/\/neanoticias.com\/index.php\/wp-json\/wp\/v2\/categories?post=641"},{"taxonomy":"post_tag","embeddable":true,"href":"https:\/\/neanoticias.com\/index.php\/wp-json\/wp\/v2\/tags?post=641"}],"curies":[{"name":"wp","href":"https:\/\/api.w.org\/{rel}","templated":true}]}}