{"id":638,"date":"2023-03-31T16:21:14","date_gmt":"2023-03-31T16:21:14","guid":{"rendered":"https:\/\/neanoticias.com\/?p=638"},"modified":"2023-03-31T16:21:15","modified_gmt":"2023-03-31T16:21:15","slug":"robos-en-mocoreta","status":"publish","type":"post","link":"https:\/\/neanoticias.com\/index.php\/2023\/03\/31\/robos-en-mocoreta\/","title":{"rendered":"ROBOS EN MOCORET\u00c1"},"content":{"rendered":"\n<p>En el barrio Industrial de la localidad correntina de Mocoret\u00e1, la Polic\u00eda concret\u00f3 un allanamiento luego de contar con una denuncia de robo en una propiedad privada.<\/p>\n\n\n\n<figure class=\"wp-block-image size-full\"><img loading=\"lazy\" width=\"850\" height=\"621\" src=\"https:\/\/neanoticias.com\/wp-content\/uploads\/2023\/03\/1286540w850h621c.jpg.webp\" alt=\"\" class=\"wp-image-639\" srcset=\"https:\/\/neanoticias.com\/wp-content\/uploads\/2023\/03\/1286540w850h621c.jpg.webp 850w, https:\/\/neanoticias.com\/wp-content\/uploads\/2023\/03\/1286540w850h621c.jpg-300x219.webp 300w, https:\/\/neanoticias.com\/wp-content\/uploads\/2023\/03\/1286540w850h621c.jpg-768x561.webp 768w\" sizes=\"(max-width: 850px) 100vw, 850px\" \/><\/figure>\n\n\n\n<p>As\u00ed, uniformados de la comisar\u00eda de Mocoret\u00e1, tras trabajos investigativos efectuados con la colaboraci\u00f3n de polic\u00edas de la Direcci\u00f3n General de Grupos Especiales de Capital, junto a la Unidad Fiscal interviniente de Monte Caseros, concretaron la inspecci\u00f3n con saldos positivos. Los efectivos secuestraron varios elementos del inmueble, los cuales fueron puestos a disposici\u00f3n de la autoridad judicial interviniente. Durante el procedimiento no hubo detenidos pero ser\u00eda inminente la captura.<\/p>\n","protected":false},"excerpt":{"rendered":"<p>En el barrio Industrial de la localidad correntina de Mocoret\u00e1, la Polic\u00eda concret\u00f3 un allanamiento&#8230;<\/p>\n","protected":false},"author":1,"featured_media":639,"comment_status":"open","ping_status":"open","sticky":false,"template":"","format":"standard","meta":[],"categories":[1],"tags":[],"_links":{"self":[{"href":"https:\/\/neanoticias.com\/index.php\/wp-json\/wp\/v2\/posts\/638"}],"collection":[{"href":"https:\/\/neanoticias.com\/index.php\/wp-json\/wp\/v2\/posts"}],"about":[{"href":"https:\/\/neanoticias.com\/index.php\/wp-json\/wp\/v2\/types\/post"}],"author":[{"embeddable":true,"href":"https:\/\/neanoticias.com\/index.php\/wp-json\/wp\/v2\/users\/1"}],"replies":[{"embeddable":true,"href":"https:\/\/neanoticias.com\/index.php\/wp-json\/wp\/v2\/comments?post=638"}],"version-history":[{"count":1,"href":"https:\/\/neanoticias.com\/index.php\/wp-json\/wp\/v2\/posts\/638\/revisions"}],"predecessor-version":[{"id":640,"href":"https:\/\/neanoticias.com\/index.php\/wp-json\/wp\/v2\/posts\/638\/revisions\/640"}],"wp:featuredmedia":[{"embeddable":true,"href":"https:\/\/neanoticias.com\/index.php\/wp-json\/wp\/v2\/media\/639"}],"wp:attachment":[{"href":"https:\/\/neanoticias.com\/index.php\/wp-json\/wp\/v2\/media?parent=638"}],"wp:term":[{"taxonomy":"category","embeddable":true,"href":"https:\/\/neanoticias.com\/index.php\/wp-json\/wp\/v2\/categories?post=638"},{"taxonomy":"post_tag","embeddable":true,"href":"https:\/\/neanoticias.com\/index.php\/wp-json\/wp\/v2\/tags?post=638"}],"curies":[{"name":"wp","href":"https:\/\/api.w.org\/{rel}","templated":true}]}}