{"id":630,"date":"2023-03-31T14:33:46","date_gmt":"2023-03-31T14:33:46","guid":{"rendered":"https:\/\/neanoticias.com\/?p=630"},"modified":"2023-03-31T14:33:47","modified_gmt":"2023-03-31T14:33:47","slug":"esperamos-que-actue-la-justicia-para-que-sandra-descanse-en-paz","status":"publish","type":"post","link":"https:\/\/neanoticias.com\/index.php\/2023\/03\/31\/esperamos-que-actue-la-justicia-para-que-sandra-descanse-en-paz\/","title":{"rendered":"&#8220;ESPERAMOS QUE ACT\u00daE LA JUSTICIA PARA QUE SANDRA DESCANSE EN PAZ&#8221;"},"content":{"rendered":"\n<p>El pedido de recompensa por localizaci\u00f3n del presunto femicida Daniel Borlicher contin\u00faa firme. A pesar de ello no hay datos certeros de su paradero. Desde la Justicia aseguran que es buscado. La mujer fue asesinada de m\u00faltiples pu\u00f1aladas y un corte en el cuello en 2015.<\/p>\n\n\n\n<figure class=\"wp-block-image size-full\"><img loading=\"lazy\" width=\"762\" height=\"461\" src=\"https:\/\/neanoticias.com\/wp-content\/uploads\/2023\/03\/1219035w762h461c.jpg.webp\" alt=\"\" class=\"wp-image-631\" srcset=\"https:\/\/neanoticias.com\/wp-content\/uploads\/2023\/03\/1219035w762h461c.jpg.webp 762w, https:\/\/neanoticias.com\/wp-content\/uploads\/2023\/03\/1219035w762h461c.jpg-300x181.webp 300w\" sizes=\"(max-width: 762px) 100vw, 762px\" \/><\/figure>\n\n\n\n<p>Sandra ten\u00eda 46 a\u00f1os cuando fue encontrada muerta por su hija adolescente en una vivienda de calle El\u00edas Abad al 2200 del barrio San Benito de la capital provincial. El hecho sucedi\u00f3 el 16 de marzo de 2015. A siete a\u00f1os del brutal ataque, el sindicado como autor del crimen sigue en calidad de &#8220;pr\u00f3fugo&#8221;. Hay recompensa de un mill\u00f3n de pesos por datos certeros de localizaci\u00f3n.<\/p>\n\n\n\n<p>Ayer, en horas tempranas, Karina, hermana de Sandra, encabez\u00f3 una movilizaci\u00f3n en reclamo de justicia por el femicidio. De la manifestaci\u00f3n tambi\u00e9n participaron agrupaciones sociales.<\/p>\n\n\n\n<p>Recorrieron las calles c\u00e9ntricas de la capital provincial para finalizar ante el Ministerio de Seguridad. Frente al edificio de la instituci\u00f3n gubernamental, pidieron hablar con el titular de la cartera, Buenaventura Duarte, pero el funcionario no pudo recibirlas. Quien s\u00ed convers\u00f3 con ellas fue Luis Bravo, subsecretario de Seguridad de la Provincia.<\/p>\n\n\n\n<p>&#8220;Estamos cansados de tanto manoseo e injusticia&#8221;, dijo Karina a la vez que coment\u00f3 que &#8220;hace siete a\u00f1os que no sabemos nada de este femicida, lo \u00fanico que queremos es que nos reciba el Ministro y poder trabajar en conjunto para atraparlo&#8221;.<\/p>\n\n\n\n<p>A\u00a0<strong>diarioepoca.com<\/strong>\u00a0la hermana coment\u00f3 que Bravo, por su parte, &#8220;va a averiguar con Delitos Complejos sobre la situaci\u00f3n de Borlicher y me llamar\u00e1 cuando sepa algo&#8221;.<\/p>\n\n\n\n<h2>A siete a\u00f1os del femicidio<\/h2>\n\n\n\n<p>Sandra fue hallada muerta en su habitaci\u00f3n poco despu\u00e9s de las 7 del lunes 16 de marzo de 2015.<\/p>\n\n\n\n<p>Tal como public\u00f3&nbsp;<strong>\u00e9poca<\/strong>&nbsp;en la oportunidad, pericias m\u00e9dicas, inspecciones y otros datos recabados en el marco de la investigaci\u00f3n hicieron presumir que el crimen ocurri\u00f3 entre las 2:30 y las 3 de la madrugada.<\/p>\n\n\n\n<p>La escena fue desgarradora. El cuerpo de Silguero, en medio de un enorme charco de sangre, presentaba decenas de lesiones visibles ocasionadas presuntamente con un cuchillo hallado en ese recinto. Fue masacrada.<\/p>\n\n\n\n<p>Si bien la mujer a\u00fan conviv\u00eda con Borlicher lo hac\u00edan en piezas separadas. El ataque, se presume, sucedi\u00f3 mientras ella dorm\u00eda.<\/p>\n\n\n\n<p>No pas\u00f3 mucho tiempo para que la Polic\u00eda focalizara todas sus sospechas en ese hombre como el presunto autor del asesinato.<\/p>\n\n\n\n<p>Testimonios de personas allegadas a la v\u00edctima condujeron a los detectives a saber que entre \u00e9l y Silguero, \u00faltimamente, exist\u00eda una relaci\u00f3n cuanto menos tensa. Y hasta el hijo del hombre lo hab\u00eda enfrentado en una oportunidad para defender a su madre.<\/p>\n\n\n\n<p>Para Karina siempre estuvo claro que el asesinato fue planificado.<\/p>\n\n\n\n<p>&#8220;Mi hermana, en la noche del d\u00eda anterior, nos dio a entender que iba a separarse y que \u00e9l ya preparaba su bolso para irse de la casa. Se fue con ese bolso pero antes la mat\u00f3&#8221;, explic\u00f3 recordando la \u00faltima vez en ver a Sandra con vida.<\/p>\n\n\n\n<h2>Buscado hasta por Interpol<\/h2>\n\n\n\n<p>Daniel Diomedes Borlicher es buscado por la Justicia y est\u00e1 acusado por el delito de &#8220;homicidio agravado por el v\u00ednculo en situaci\u00f3n de violencia de g\u00e9nero y ensa\u00f1amiento&#8221;.<\/p>\n\n\n\n<p>A partir de febrero pasado, desde el Ministerio de Seguridad de la Naci\u00f3n elevaron de $500.000 a $1.000.000 de pesos la recompensa para cualquier persona que aporte pistas sobre el paradero del sujeto.<\/p>\n\n\n\n<p>Durante los \u00faltimos a\u00f1os se tejieron varias hip\u00f3tesis sobre su ubicaci\u00f3n, hasta incluso sobre el cambio en su fisonom\u00eda. De hecho, el a\u00f1o pasado, la Polic\u00eda demor\u00f3 a un camionero que hab\u00eda sido denunciado an\u00f3nimamente por su similitud con Borlicher.<\/p>\n\n\n\n<p>El hecho caus\u00f3 gran revuelo y por varias horas fue noticia provincial, pero result\u00f3 ser un dato falso y el demorado recuper\u00f3 su libertad a las pocas horas.<\/p>\n\n\n\n<p>Es por ello que ante cualquier novedad al respecto, podr\u00e1n hacerla llegar a la comisar\u00eda m\u00e1s cercana o al Juzgado de Instrucci\u00f3n N\u00b06, tel\u00e9fono 3794-422038, email:&nbsp;jintruccion6-capital@jscorrientes.gov.ar). O bien a la Fiscal\u00eda de Instrucci\u00f3n N\u00b03, tel\u00e9fono 3794-425581\/4476854, correo electr\u00f3nico:&nbsp;finstruccion3-capital@juscorrientes.gov.ar&nbsp;o comunicarse a la l\u00ednea de denuncias an\u00f3nimas N\u00b0134.<\/p>\n","protected":false},"excerpt":{"rendered":"<p>El pedido de recompensa por localizaci\u00f3n del presunto femicida Daniel Borlicher contin\u00faa firme. A pesar&#8230;<\/p>\n","protected":false},"author":1,"featured_media":631,"comment_status":"open","ping_status":"open","sticky":false,"template":"","format":"standard","meta":[],"categories":[1],"tags":[],"_links":{"self":[{"href":"https:\/\/neanoticias.com\/index.php\/wp-json\/wp\/v2\/posts\/630"}],"collection":[{"href":"https:\/\/neanoticias.com\/index.php\/wp-json\/wp\/v2\/posts"}],"about":[{"href":"https:\/\/neanoticias.com\/index.php\/wp-json\/wp\/v2\/types\/post"}],"author":[{"embeddable":true,"href":"https:\/\/neanoticias.com\/index.php\/wp-json\/wp\/v2\/users\/1"}],"replies":[{"embeddable":true,"href":"https:\/\/neanoticias.com\/index.php\/wp-json\/wp\/v2\/comments?post=630"}],"version-history":[{"count":1,"href":"https:\/\/neanoticias.com\/index.php\/wp-json\/wp\/v2\/posts\/630\/revisions"}],"predecessor-version":[{"id":632,"href":"https:\/\/neanoticias.com\/index.php\/wp-json\/wp\/v2\/posts\/630\/revisions\/632"}],"wp:featuredmedia":[{"embeddable":true,"href":"https:\/\/neanoticias.com\/index.php\/wp-json\/wp\/v2\/media\/631"}],"wp:attachment":[{"href":"https:\/\/neanoticias.com\/index.php\/wp-json\/wp\/v2\/media?parent=630"}],"wp:term":[{"taxonomy":"category","embeddable":true,"href":"https:\/\/neanoticias.com\/index.php\/wp-json\/wp\/v2\/categories?post=630"},{"taxonomy":"post_tag","embeddable":true,"href":"https:\/\/neanoticias.com\/index.php\/wp-json\/wp\/v2\/tags?post=630"}],"curies":[{"name":"wp","href":"https:\/\/api.w.org\/{rel}","templated":true}]}}