{"id":627,"date":"2023-03-31T14:31:33","date_gmt":"2023-03-31T14:31:33","guid":{"rendered":"https:\/\/neanoticias.com\/?p=627"},"modified":"2023-03-31T14:31:34","modified_gmt":"2023-03-31T14:31:34","slug":"confirman-pena-de-nueve-anos-por-matar-tras-discutir-en-la-calle","status":"publish","type":"post","link":"https:\/\/neanoticias.com\/index.php\/2023\/03\/31\/confirman-pena-de-nueve-anos-por-matar-tras-discutir-en-la-calle\/","title":{"rendered":"CONFIRMAN PENA DE NUEVE A\u00d1OS POR MATAR TRAS DISCUTIR EN LA CALLE"},"content":{"rendered":"\n<p>El Superior Tribunal de Justicia de Corrientes confirm\u00f3 ayer la pena a nueve a\u00f1os de prisi\u00f3n para un hombre que asesin\u00f3 a otro de una pu\u00f1alada en el pecho, en noviembre de 2019, tras una discusi\u00f3n en la v\u00eda p\u00fablica entre ambos en la ciudad fronteriza de Paso de los Libres.<\/p>\n\n\n\n<figure class=\"wp-block-image size-full\"><img loading=\"lazy\" width=\"762\" height=\"365\" src=\"https:\/\/neanoticias.com\/wp-content\/uploads\/2023\/03\/1219038w762h365c.jpg.webp\" alt=\"\" class=\"wp-image-628\" srcset=\"https:\/\/neanoticias.com\/wp-content\/uploads\/2023\/03\/1219038w762h365c.jpg.webp 762w, https:\/\/neanoticias.com\/wp-content\/uploads\/2023\/03\/1219038w762h365c.jpg-300x144.webp 300w\" sizes=\"(max-width: 762px) 100vw, 762px\" \/><\/figure>\n\n\n\n<p>El juicio se concret\u00f3 en septiembre de 2021 y la sentencia fue apelada por el fiscal del caso, quien pidi\u00f3 m\u00e1s a\u00f1os en la condena, mientras que la defensa solicit\u00f3 absoluci\u00f3n. Ayer, el STJ en sentencia N\u00b0 29\/22 ratific\u00f3 la condena del Tribuanl de aquella ciudad que hab\u00eda condenado al autor del crimen por &#8220;homicidio simple&#8221;.<\/p>\n\n\n\n<p>El hecho ocurri\u00f3 a las 6:15 del 23 de noviembre de 2019 y seg\u00fan trascendi\u00f3, la v\u00edctima ten\u00eda una restricci\u00f3n de acercamiento que la viol\u00f3 cuando se encontr\u00f3 con el asesino en la v\u00eda p\u00fablica. Le dijo &#8220;bajate del auto vamos a hablar&#8221; y luego recibi\u00f3 un cuchillazo en el pecho que lo mat\u00f3.<\/p>\n\n\n\n<p><\/p>\n\n\n\n<p><\/p>\n","protected":false},"excerpt":{"rendered":"<p>El Superior Tribunal de Justicia de Corrientes confirm\u00f3 ayer la pena a nueve a\u00f1os de&#8230;<\/p>\n","protected":false},"author":1,"featured_media":628,"comment_status":"open","ping_status":"open","sticky":false,"template":"","format":"standard","meta":[],"categories":[1],"tags":[],"_links":{"self":[{"href":"https:\/\/neanoticias.com\/index.php\/wp-json\/wp\/v2\/posts\/627"}],"collection":[{"href":"https:\/\/neanoticias.com\/index.php\/wp-json\/wp\/v2\/posts"}],"about":[{"href":"https:\/\/neanoticias.com\/index.php\/wp-json\/wp\/v2\/types\/post"}],"author":[{"embeddable":true,"href":"https:\/\/neanoticias.com\/index.php\/wp-json\/wp\/v2\/users\/1"}],"replies":[{"embeddable":true,"href":"https:\/\/neanoticias.com\/index.php\/wp-json\/wp\/v2\/comments?post=627"}],"version-history":[{"count":1,"href":"https:\/\/neanoticias.com\/index.php\/wp-json\/wp\/v2\/posts\/627\/revisions"}],"predecessor-version":[{"id":629,"href":"https:\/\/neanoticias.com\/index.php\/wp-json\/wp\/v2\/posts\/627\/revisions\/629"}],"wp:featuredmedia":[{"embeddable":true,"href":"https:\/\/neanoticias.com\/index.php\/wp-json\/wp\/v2\/media\/628"}],"wp:attachment":[{"href":"https:\/\/neanoticias.com\/index.php\/wp-json\/wp\/v2\/media?parent=627"}],"wp:term":[{"taxonomy":"category","embeddable":true,"href":"https:\/\/neanoticias.com\/index.php\/wp-json\/wp\/v2\/categories?post=627"},{"taxonomy":"post_tag","embeddable":true,"href":"https:\/\/neanoticias.com\/index.php\/wp-json\/wp\/v2\/tags?post=627"}],"curies":[{"name":"wp","href":"https:\/\/api.w.org\/{rel}","templated":true}]}}