{"id":614,"date":"2023-03-31T13:55:16","date_gmt":"2023-03-31T13:55:16","guid":{"rendered":"https:\/\/neanoticias.com\/?p=614"},"modified":"2023-03-31T13:55:17","modified_gmt":"2023-03-31T13:55:17","slug":"destrozo-y-robo-en-monte-caseros","status":"publish","type":"post","link":"https:\/\/neanoticias.com\/index.php\/2023\/03\/31\/destrozo-y-robo-en-monte-caseros\/","title":{"rendered":"DESTROZO Y ROBO EN MONTE CASEROS"},"content":{"rendered":"\n<p>En una vivienda del barrio Chopo Areta de la localidad de Monte Caseros, delincuentes hicieron destrozos y se llevaron pertenencias de la familia.<\/p>\n\n\n\n<figure class=\"wp-block-image size-full\"><img loading=\"lazy\" width=\"850\" height=\"771\" src=\"https:\/\/neanoticias.com\/wp-content\/uploads\/2023\/03\/1286233w850h771c.jpg.webp\" alt=\"\" class=\"wp-image-615\" srcset=\"https:\/\/neanoticias.com\/wp-content\/uploads\/2023\/03\/1286233w850h771c.jpg.webp 850w, https:\/\/neanoticias.com\/wp-content\/uploads\/2023\/03\/1286233w850h771c.jpg-300x272.webp 300w, https:\/\/neanoticias.com\/wp-content\/uploads\/2023\/03\/1286233w850h771c.jpg-768x697.webp 768w\" sizes=\"(max-width: 850px) 100vw, 850px\" \/><\/figure>\n\n\n\n<p>En una vivienda del barrio Chopo Areta de la localidad de Monte Caseros, delincuentes hicieron destrozos y se llevaron pertenencias de la familia.<\/p>\n\n\n\n<p>Seg\u00fan pudo contar la due\u00f1a de casa de apellido Villa, sali\u00f3 de su domicilio ubicado por calle General Paz al 1500, alrededor de las 19:30 a caminar como lo hace diariamente y al regresar dos horas despu\u00e9s encontr\u00f3 las puertas rotas y faltante de elementos del interior.<\/p>\n\n\n\n<p>Pregunt\u00f3 a algunos vecinos si observaron algo para aportar como datos a la Polic\u00eda, pero no logr\u00f3 respuestas positivas.<\/p>\n\n\n\n<p>&#8220;Hasta que un d\u00eda nos toc\u00f3 a nosotros. Ahora entiendo a esas personas que pasan por lo mismo: impotencia, bronca, dolor al llegar a tu casa y encontrar la puerta abierta y pensar que se llevaron todo&#8221;, escribi\u00f3 la propietaria en su cuenta de red social Facebook.<\/p>\n\n\n\n<p>&#8220;Pasan mil cosas por tu cabeza. Pero gracias a Dios se llevaron poquito. Nadie te quita la angustia y el trauma del miedo a salir&#8221;, concluy\u00f3.<\/p>\n\n\n\n<p>Desde la fuerza policial se inform\u00f3 que la mujer denunci\u00f3 el faltante de un parlante, ropas, s\u00e1banas y toallones. Adem\u00e1s del destrozo de la puerta de acceso a la casa, como de otras aberturas.<\/p>\n\n\n\n<p>En la comisar\u00eda local realizaron las actuaciones del caso. Al cierre de esta edici\u00f3n se aguardaba contar con informes de las im\u00e1genes de c\u00e1maras de seguridad de la zona a fin de localizar a los autores del delito.<\/p>\n","protected":false},"excerpt":{"rendered":"<p>En una vivienda del barrio Chopo Areta de la localidad de Monte Caseros, delincuentes hicieron&#8230;<\/p>\n","protected":false},"author":1,"featured_media":615,"comment_status":"open","ping_status":"open","sticky":false,"template":"","format":"standard","meta":[],"categories":[1],"tags":[],"_links":{"self":[{"href":"https:\/\/neanoticias.com\/index.php\/wp-json\/wp\/v2\/posts\/614"}],"collection":[{"href":"https:\/\/neanoticias.com\/index.php\/wp-json\/wp\/v2\/posts"}],"about":[{"href":"https:\/\/neanoticias.com\/index.php\/wp-json\/wp\/v2\/types\/post"}],"author":[{"embeddable":true,"href":"https:\/\/neanoticias.com\/index.php\/wp-json\/wp\/v2\/users\/1"}],"replies":[{"embeddable":true,"href":"https:\/\/neanoticias.com\/index.php\/wp-json\/wp\/v2\/comments?post=614"}],"version-history":[{"count":1,"href":"https:\/\/neanoticias.com\/index.php\/wp-json\/wp\/v2\/posts\/614\/revisions"}],"predecessor-version":[{"id":616,"href":"https:\/\/neanoticias.com\/index.php\/wp-json\/wp\/v2\/posts\/614\/revisions\/616"}],"wp:featuredmedia":[{"embeddable":true,"href":"https:\/\/neanoticias.com\/index.php\/wp-json\/wp\/v2\/media\/615"}],"wp:attachment":[{"href":"https:\/\/neanoticias.com\/index.php\/wp-json\/wp\/v2\/media?parent=614"}],"wp:term":[{"taxonomy":"category","embeddable":true,"href":"https:\/\/neanoticias.com\/index.php\/wp-json\/wp\/v2\/categories?post=614"},{"taxonomy":"post_tag","embeddable":true,"href":"https:\/\/neanoticias.com\/index.php\/wp-json\/wp\/v2\/tags?post=614"}],"curies":[{"name":"wp","href":"https:\/\/api.w.org\/{rel}","templated":true}]}}