{"id":611,"date":"2023-03-31T13:54:26","date_gmt":"2023-03-31T13:54:26","guid":{"rendered":"https:\/\/neanoticias.com\/?p=611"},"modified":"2023-03-31T13:54:28","modified_gmt":"2023-03-31T13:54:28","slug":"motociclista-murio-al-estrellarse-de-frente-contra-un-colectivo","status":"publish","type":"post","link":"https:\/\/neanoticias.com\/index.php\/2023\/03\/31\/motociclista-murio-al-estrellarse-de-frente-contra-un-colectivo\/","title":{"rendered":"MOTOCICLISTA MURI\u00d3 AL ESTRELLARSE DE FRENTE CONTRA UN COLECTIVO"},"content":{"rendered":"\n<p>Un joven motociclista perdi\u00f3 la vida el martes por la noche, luego de chocar frontalmente contra un colectivo urbano a metros de la intersecci\u00f3n de la Ruta Nacional N\u00b012 y la avenida Maip\u00fa de la capital correntina.<\/p>\n\n\n\n<p>En el mismo lugar donde ya murieron varias personas en los \u00faltimos meses, como consecuencia de las tareas inconclusas de la autov\u00eda.<\/p>\n\n\n\n<p>El accidente sucedi\u00f3 alrededor de la 22:20, cuando H\u00e9ctor Esteban Sevilla de 25 a\u00f1os, a bordo de su motocicleta Gilera de 150 cc., impact\u00f3 de frente contra el interno 484, de un colectivo urbano, perteneciente a la Empresa de Transporte Miramar, al mando de un hombre de apellido P\u00e9rez de 34 a\u00f1os. A ra\u00edz del violento impacto, Sevilla perdi\u00f3 la vida en el acto.<\/p>\n\n\n\n<figure class=\"wp-block-image size-full\"><img loading=\"lazy\" width=\"762\" height=\"663\" src=\"https:\/\/neanoticias.com\/wp-content\/uploads\/2023\/03\/1286232w762h663c.jpg.webp\" alt=\"\" class=\"wp-image-612\" srcset=\"https:\/\/neanoticias.com\/wp-content\/uploads\/2023\/03\/1286232w762h663c.jpg.webp 762w, https:\/\/neanoticias.com\/wp-content\/uploads\/2023\/03\/1286232w762h663c.jpg-300x261.webp 300w\" sizes=\"(max-width: 762px) 100vw, 762px\" \/><\/figure>\n\n\n\n<p>La zona estuvo interrumpida al tr\u00e1nsito por casi una hora.<\/p>\n","protected":false},"excerpt":{"rendered":"<p>Un joven motociclista perdi\u00f3 la vida el martes por la noche, luego de chocar frontalmente&#8230;<\/p>\n","protected":false},"author":1,"featured_media":612,"comment_status":"open","ping_status":"open","sticky":false,"template":"","format":"standard","meta":[],"categories":[1],"tags":[],"_links":{"self":[{"href":"https:\/\/neanoticias.com\/index.php\/wp-json\/wp\/v2\/posts\/611"}],"collection":[{"href":"https:\/\/neanoticias.com\/index.php\/wp-json\/wp\/v2\/posts"}],"about":[{"href":"https:\/\/neanoticias.com\/index.php\/wp-json\/wp\/v2\/types\/post"}],"author":[{"embeddable":true,"href":"https:\/\/neanoticias.com\/index.php\/wp-json\/wp\/v2\/users\/1"}],"replies":[{"embeddable":true,"href":"https:\/\/neanoticias.com\/index.php\/wp-json\/wp\/v2\/comments?post=611"}],"version-history":[{"count":1,"href":"https:\/\/neanoticias.com\/index.php\/wp-json\/wp\/v2\/posts\/611\/revisions"}],"predecessor-version":[{"id":613,"href":"https:\/\/neanoticias.com\/index.php\/wp-json\/wp\/v2\/posts\/611\/revisions\/613"}],"wp:featuredmedia":[{"embeddable":true,"href":"https:\/\/neanoticias.com\/index.php\/wp-json\/wp\/v2\/media\/612"}],"wp:attachment":[{"href":"https:\/\/neanoticias.com\/index.php\/wp-json\/wp\/v2\/media?parent=611"}],"wp:term":[{"taxonomy":"category","embeddable":true,"href":"https:\/\/neanoticias.com\/index.php\/wp-json\/wp\/v2\/categories?post=611"},{"taxonomy":"post_tag","embeddable":true,"href":"https:\/\/neanoticias.com\/index.php\/wp-json\/wp\/v2\/tags?post=611"}],"curies":[{"name":"wp","href":"https:\/\/api.w.org\/{rel}","templated":true}]}}