{"id":603,"date":"2023-03-06T10:49:00","date_gmt":"2023-03-06T10:49:00","guid":{"rendered":"https:\/\/neanoticias.com\/?p=603"},"modified":"2023-03-30T10:53:18","modified_gmt":"2023-03-30T10:53:18","slug":"miercoles-8-de-marzo-asueto-municipalpor-el-dia-internacional-de-la-mujer-trabajadora","status":"publish","type":"post","link":"https:\/\/neanoticias.com\/index.php\/2023\/03\/06\/miercoles-8-de-marzo-asueto-municipalpor-el-dia-internacional-de-la-mujer-trabajadora\/","title":{"rendered":"MI\u00c9RCOLES 8 DE MARZO: ASUETO MUNICIPAL<br>POR EL D\u00cdA INTERNACIONAL DE LA MUJER TRABAJADORA"},"content":{"rendered":"\n<figure class=\"wp-block-image size-large\"><img loading=\"lazy\" width=\"1024\" height=\"683\" src=\"https:\/\/neanoticias.com\/wp-content\/uploads\/2023\/03\/image-6-1024x683.png\" alt=\"\" class=\"wp-image-604\" srcset=\"https:\/\/neanoticias.com\/wp-content\/uploads\/2023\/03\/image-6-1024x683.png 1024w, https:\/\/neanoticias.com\/wp-content\/uploads\/2023\/03\/image-6-300x200.png 300w, https:\/\/neanoticias.com\/wp-content\/uploads\/2023\/03\/image-6-768x512.png 768w, https:\/\/neanoticias.com\/wp-content\/uploads\/2023\/03\/image-6-1536x1024.png 1536w, https:\/\/neanoticias.com\/wp-content\/uploads\/2023\/03\/image-6-2048x1365.png 2048w\" sizes=\"(max-width: 1024px) 100vw, 1024px\" \/><\/figure>\n\n\n\n<p>Con vistas al mi\u00e9rcoles 8 de marzo, el intendente Eduardo Tassano resolvi\u00f3 declarar asueto administrativo durante esa jornada, para las mujeres que se desenvuelven laboralmente en la Municipalidad de la Ciudad de Corrientes, por conmemorarse el D\u00eda Internacional de la Mujer Trabajadora.<br>En los considerandos de la normativa se puso de relieve que \u201caquel d\u00eda es un s\u00edmbolo del valor de las mujeres y su lucha por la igualdad de oportunidades, los derechos humanos y la equidad social, por lo que los homenajes deben evolucionar en el sentido de mejorar los servicios y la calidad de vida de las ciudadanas de Corrientes, e incorporando a las pol\u00edticas p\u00fablicas municipales, normas que aumenten las condiciones favorables para su desarrollo, principalmente a aquellas tendientes a la protecci\u00f3n de las mujeres con mayor grado de vulnerabilidad social y a promover una sociedad m\u00e1s equitativa\u201d.<br>\u00a0<br>PRESTACI\u00d3N DE SERVICIOS, GARANTIZADA<br>Asimismo, en el articulado se especific\u00f3 que se establece la continuidad de la prestaci\u00f3n de servicios del municipio con los trabajadores de g\u00e9nero masculino. A su vez, se estableci\u00f3 que, en casos excepcionales y esenciales de prestaci\u00f3n de servicios, las secretar\u00edas de las distintas \u00e1reas podr\u00e1n, mediante una disposici\u00f3n a tal efecto, suspender y prorrogar el asueto, para ser gozado durante el transcurso de este a\u00f1o.<br>La resoluci\u00f3n fue firmada por el intendente Tassano y refrendada por el secretario de Coordinaci\u00f3n de Gobierno, Hugo Calvano.<\/p>\n","protected":false},"excerpt":{"rendered":"<p>Con vistas al mi\u00e9rcoles 8 de marzo, el intendente Eduardo Tassano resolvi\u00f3 declarar asueto administrativo&#8230;<\/p>\n","protected":false},"author":1,"featured_media":0,"comment_status":"open","ping_status":"open","sticky":false,"template":"","format":"standard","meta":[],"categories":[1],"tags":[],"_links":{"self":[{"href":"https:\/\/neanoticias.com\/index.php\/wp-json\/wp\/v2\/posts\/603"}],"collection":[{"href":"https:\/\/neanoticias.com\/index.php\/wp-json\/wp\/v2\/posts"}],"about":[{"href":"https:\/\/neanoticias.com\/index.php\/wp-json\/wp\/v2\/types\/post"}],"author":[{"embeddable":true,"href":"https:\/\/neanoticias.com\/index.php\/wp-json\/wp\/v2\/users\/1"}],"replies":[{"embeddable":true,"href":"https:\/\/neanoticias.com\/index.php\/wp-json\/wp\/v2\/comments?post=603"}],"version-history":[{"count":1,"href":"https:\/\/neanoticias.com\/index.php\/wp-json\/wp\/v2\/posts\/603\/revisions"}],"predecessor-version":[{"id":605,"href":"https:\/\/neanoticias.com\/index.php\/wp-json\/wp\/v2\/posts\/603\/revisions\/605"}],"wp:attachment":[{"href":"https:\/\/neanoticias.com\/index.php\/wp-json\/wp\/v2\/media?parent=603"}],"wp:term":[{"taxonomy":"category","embeddable":true,"href":"https:\/\/neanoticias.com\/index.php\/wp-json\/wp\/v2\/categories?post=603"},{"taxonomy":"post_tag","embeddable":true,"href":"https:\/\/neanoticias.com\/index.php\/wp-json\/wp\/v2\/tags?post=603"}],"curies":[{"name":"wp","href":"https:\/\/api.w.org\/{rel}","templated":true}]}}