{"id":59,"date":"2022-08-25T13:08:11","date_gmt":"2022-08-25T13:08:11","guid":{"rendered":"https:\/\/neanoticias.com\/?p=59"},"modified":"2022-08-25T13:09:51","modified_gmt":"2022-08-25T13:09:51","slug":"tragico-siniestro-vial-murio-un-joven-tras-ser-atropellado-por-un-colectivo","status":"publish","type":"post","link":"https:\/\/neanoticias.com\/index.php\/2022\/08\/25\/tragico-siniestro-vial-murio-un-joven-tras-ser-atropellado-por-un-colectivo\/","title":{"rendered":"TR\u00c1GICO SINIESTRO VIAL: MURI\u00d3 UN JOVEN TRAS SER ATROPELLADO POR UN COLECTIVO"},"content":{"rendered":"\n<p>A\u00fan se desconocen los detalles y circunstancias del hecho.<\/p>\n\n\n\n<figure class=\"wp-block-image size-full\"><img loading=\"lazy\" width=\"770\" height=\"440\" src=\"https:\/\/neanoticias.com\/wp-content\/uploads\/2022\/08\/1661430310376.webp\" alt=\"\" class=\"wp-image-60\" srcset=\"https:\/\/neanoticias.com\/wp-content\/uploads\/2022\/08\/1661430310376.webp 770w, https:\/\/neanoticias.com\/wp-content\/uploads\/2022\/08\/1661430310376-300x171.webp 300w, https:\/\/neanoticias.com\/wp-content\/uploads\/2022\/08\/1661430310376-768x439.webp 768w\" sizes=\"(max-width: 770px) 100vw, 770px\" \/><\/figure>\n\n\n\n<p>Un joven motociclista muri\u00f3&nbsp;tras ser atropellado por un colctivo en inmediaciones de las calles Asunci\u00f3n y Jos\u00e9 Hern\u00e1ndez, en la capital correntina.<\/p>\n\n\n\n<p>Seg\u00fan indicaron fuentes policiales, el hecho ocurri\u00f3 en la noche del mi\u00e9rcoles cerca de las 21.30.<\/p>\n\n\n\n<p>El joven de 22 a\u00f1os fue identificado como Nahuel Ram\u00edrez, seg\u00fan informaron desde la fuerza, iba a bordo de una motocicleta Bajaj Rouser, de 200 cc. cuando fue embestido por un colectivo de l\u00ednea urbana 110.&nbsp;<\/p>\n\n\n\n<p>Todo parece indicar que, tras ser atropellado, el motociclista no pudo evitar caer al suelo justo en el camino del 110&nbsp;y fue aplastado.<\/p>\n\n\n\n<p>Seg\u00fan inform\u00f3 la polic\u00eda, el joven falleci\u00f3 en el acto.&nbsp;<\/p>\n\n\n\n<p>&nbsp;<\/p>\n\n\n\n<p><\/p>\n","protected":false},"excerpt":{"rendered":"<p>A\u00fan se desconocen los detalles y circunstancias del hecho. Un joven motociclista muri\u00f3&nbsp;tras ser atropellado&#8230;<\/p>\n","protected":false},"author":1,"featured_media":60,"comment_status":"open","ping_status":"open","sticky":false,"template":"","format":"standard","meta":[],"categories":[1],"tags":[],"_links":{"self":[{"href":"https:\/\/neanoticias.com\/index.php\/wp-json\/wp\/v2\/posts\/59"}],"collection":[{"href":"https:\/\/neanoticias.com\/index.php\/wp-json\/wp\/v2\/posts"}],"about":[{"href":"https:\/\/neanoticias.com\/index.php\/wp-json\/wp\/v2\/types\/post"}],"author":[{"embeddable":true,"href":"https:\/\/neanoticias.com\/index.php\/wp-json\/wp\/v2\/users\/1"}],"replies":[{"embeddable":true,"href":"https:\/\/neanoticias.com\/index.php\/wp-json\/wp\/v2\/comments?post=59"}],"version-history":[{"count":2,"href":"https:\/\/neanoticias.com\/index.php\/wp-json\/wp\/v2\/posts\/59\/revisions"}],"predecessor-version":[{"id":62,"href":"https:\/\/neanoticias.com\/index.php\/wp-json\/wp\/v2\/posts\/59\/revisions\/62"}],"wp:featuredmedia":[{"embeddable":true,"href":"https:\/\/neanoticias.com\/index.php\/wp-json\/wp\/v2\/media\/60"}],"wp:attachment":[{"href":"https:\/\/neanoticias.com\/index.php\/wp-json\/wp\/v2\/media?parent=59"}],"wp:term":[{"taxonomy":"category","embeddable":true,"href":"https:\/\/neanoticias.com\/index.php\/wp-json\/wp\/v2\/categories?post=59"},{"taxonomy":"post_tag","embeddable":true,"href":"https:\/\/neanoticias.com\/index.php\/wp-json\/wp\/v2\/tags?post=59"}],"curies":[{"name":"wp","href":"https:\/\/api.w.org\/{rel}","templated":true}]}}