{"id":585,"date":"2023-03-23T12:53:58","date_gmt":"2023-03-23T12:53:58","guid":{"rendered":"https:\/\/neanoticias.com\/?p=585"},"modified":"2023-03-23T12:53:58","modified_gmt":"2023-03-23T12:53:58","slug":"incendio-causo-danos-totales-en-una-casa","status":"publish","type":"post","link":"https:\/\/neanoticias.com\/index.php\/2023\/03\/23\/incendio-causo-danos-totales-en-una-casa\/","title":{"rendered":"INCENDIO CAUS\u00d3 DA\u00d1OS TOTALES EN UNA CASA"},"content":{"rendered":"\n<p>El siniestro se produjo ayer poco antes del mediod\u00eda en un inmueble de calle Las Piedras al 1600. Habr\u00eda comenzado con un desperfecto el\u00e9ctrico. No hubo personas heridas.<\/p>\n\n\n\n<figure class=\"wp-block-image size-full\"><img loading=\"lazy\" width=\"850\" height=\"516\" src=\"https:\/\/neanoticias.com\/wp-content\/uploads\/2023\/03\/1218317w850h516c.jpg.webp\" alt=\"\" class=\"wp-image-586\" srcset=\"https:\/\/neanoticias.com\/wp-content\/uploads\/2023\/03\/1218317w850h516c.jpg.webp 850w, https:\/\/neanoticias.com\/wp-content\/uploads\/2023\/03\/1218317w850h516c.jpg-300x182.webp 300w, https:\/\/neanoticias.com\/wp-content\/uploads\/2023\/03\/1218317w850h516c.jpg-768x466.webp 768w\" sizes=\"(max-width: 850px) 100vw, 850px\" \/><\/figure>\n\n\n\n<p>Un incendio provoc\u00f3 ayer da\u00f1os totales en una vivienda del capitalino barrio General G\u00fcemes y fue combatido por dos dotaciones de bomberos.<\/p>\n\n\n\n<p>El siniestro habr\u00eda comenzado con un presunto cortocircuito en el interior del inmueble situado en calle Las Piedras al 1600 entre avenida Independencia y Lavalle.<\/p>\n\n\n\n<p>El fuego se expandi\u00f3 en forma r\u00e1pida y los llamados de auxilio fueron registrados alrededor de las 11:30, informaron a \u00e9poca fuentes oficiales.<\/p>\n\n\n\n<p>Dotaciones de Bomberos Voluntarios como de Bomberos de la Polic\u00eda provincial salieron de sus respectivos cuarteles a combatir las llamas que cobraron gran magnitud.<\/p>\n\n\n\n<p>Al llegar, los socorristas encontraron un &#8220;incendio declarado&#8221; con afectaci\u00f3n de toda la propiedad.<\/p>\n\n\n\n<p>Luego de varios minutos el grupo de bomberos consigui\u00f3 apagar el fuego y entonces quedaron en evidencia los cuantiosos da\u00f1os en las instalaciones.<\/p>\n\n\n\n<p>Alacena, estanter\u00edas, sillas, mesas, aberturas, ropas, objetos de cocina, variada clase de electrodom\u00e9sticos, mamposter\u00eda, cielorraso quedaron completamente destruidos debido a la intensidad de las llamas.<\/p>\n\n\n\n<p>Lo sucedido gener\u00f3 un revuelo en el vecindario, aunque por fortuna el incendio no se propag\u00f3 a domicilios lindantes.<\/p>\n\n\n\n<p>Desde la Polic\u00eda provincial confirmaron que en el siniestro no hubo que lamentar da\u00f1os f\u00edsicos en persona alguna.<\/p>\n\n\n\n<p>Como principal hip\u00f3tesis se habla de una falla o sobrecarga el\u00e9ctrica como iniciador del fuego.<\/p>\n","protected":false},"excerpt":{"rendered":"<p>El siniestro se produjo ayer poco antes del mediod\u00eda en un inmueble de calle Las&#8230;<\/p>\n","protected":false},"author":1,"featured_media":586,"comment_status":"open","ping_status":"open","sticky":false,"template":"","format":"standard","meta":[],"categories":[1],"tags":[],"_links":{"self":[{"href":"https:\/\/neanoticias.com\/index.php\/wp-json\/wp\/v2\/posts\/585"}],"collection":[{"href":"https:\/\/neanoticias.com\/index.php\/wp-json\/wp\/v2\/posts"}],"about":[{"href":"https:\/\/neanoticias.com\/index.php\/wp-json\/wp\/v2\/types\/post"}],"author":[{"embeddable":true,"href":"https:\/\/neanoticias.com\/index.php\/wp-json\/wp\/v2\/users\/1"}],"replies":[{"embeddable":true,"href":"https:\/\/neanoticias.com\/index.php\/wp-json\/wp\/v2\/comments?post=585"}],"version-history":[{"count":1,"href":"https:\/\/neanoticias.com\/index.php\/wp-json\/wp\/v2\/posts\/585\/revisions"}],"predecessor-version":[{"id":587,"href":"https:\/\/neanoticias.com\/index.php\/wp-json\/wp\/v2\/posts\/585\/revisions\/587"}],"wp:featuredmedia":[{"embeddable":true,"href":"https:\/\/neanoticias.com\/index.php\/wp-json\/wp\/v2\/media\/586"}],"wp:attachment":[{"href":"https:\/\/neanoticias.com\/index.php\/wp-json\/wp\/v2\/media?parent=585"}],"wp:term":[{"taxonomy":"category","embeddable":true,"href":"https:\/\/neanoticias.com\/index.php\/wp-json\/wp\/v2\/categories?post=585"},{"taxonomy":"post_tag","embeddable":true,"href":"https:\/\/neanoticias.com\/index.php\/wp-json\/wp\/v2\/tags?post=585"}],"curies":[{"name":"wp","href":"https:\/\/api.w.org\/{rel}","templated":true}]}}