{"id":579,"date":"2023-03-23T12:49:35","date_gmt":"2023-03-23T12:49:35","guid":{"rendered":"https:\/\/neanoticias.com\/?p=579"},"modified":"2023-03-23T12:49:36","modified_gmt":"2023-03-23T12:49:36","slug":"rincon-de-luz","status":"publish","type":"post","link":"https:\/\/neanoticias.com\/index.php\/2023\/03\/23\/rincon-de-luz\/","title":{"rendered":"RINC\u00d3N DE LUZ"},"content":{"rendered":"\n<figure class=\"wp-block-image size-full\"><img loading=\"lazy\" width=\"762\" height=\"572\" src=\"https:\/\/neanoticias.com\/wp-content\/uploads\/2023\/03\/1218123w762h572c.jpg.webp\" alt=\"\" class=\"wp-image-580\" srcset=\"https:\/\/neanoticias.com\/wp-content\/uploads\/2023\/03\/1218123w762h572c.jpg.webp 762w, https:\/\/neanoticias.com\/wp-content\/uploads\/2023\/03\/1218123w762h572c.jpg-300x225.webp 300w\" sizes=\"(max-width: 762px) 100vw, 762px\" \/><\/figure>\n\n\n\n<p>La directora del Hogar Rinc\u00f3n de Luz, Sonia Andrea Prystupczuk, de la localidad de Gobernador Virasoro, fue separada de su cargo ante denuncias por maltratos, abusos y otras circunstancias poco claras.<\/p>\n\n\n\n<p>El pueblo se hizo sentir en manifestaciones en contra de los hechos pero tambi\u00e9n contra el supuesto abusador de una adolescente de la Instituci\u00f3n. Ayer al cierre de esta edici\u00f3n se concentraron en plaza Libertad para marchar por las calles del pueblo con un solo lema &#8220;justicia por los chicos del hogar&#8221;.<\/p>\n\n\n\n<p>Por su parte, el Consejo Provincial de Ni\u00f1ez, Adolescencia y Familia (COPNAF) envi\u00f3 su equipo t\u00e9cnico a Virasoro ante las denuncias de conocimiento p\u00fablico.<\/p>\n\n\n\n<p>La titular del \u00e1rea, Zulema G\u00f3mez, indic\u00f3 que trabajadoras sociales y psic\u00f3logas cumplen intensa labor de contenci\u00f3n para evitar la revictimizaci\u00f3n de los menores de edad institucionalizados en esa localidad, dado el contexto de efervescencia social reinante en esa ciudad. &#8220;Trabajamos para que no les afecte emocionalmente esta situaci\u00f3n y proteger sus identidades&#8221;, afirm\u00f3.<\/p>\n\n\n\n<p>Por su parte, el director de los Derechos de la Ni\u00f1ez y la Familia, Manuel Santamar\u00eda, se\u00f1al\u00f3 que &#8220;la Justicia est\u00e1 avanzando en la investigaci\u00f3n, hubo una inspecci\u00f3n esta ma\u00f1ana (por ayer) del juez, fiscal y la asesora de menores y desde el \u00e1rea canalizamos las actuaciones a trav\u00e9s de los organismos del Estado que le competen, con la premisa de preservar los derechos de intimidad y resguardo de la identidad de menores de edad&#8221;.<\/p>\n","protected":false},"excerpt":{"rendered":"<p>La directora del Hogar Rinc\u00f3n de Luz, Sonia Andrea Prystupczuk, de la localidad de Gobernador&#8230;<\/p>\n","protected":false},"author":1,"featured_media":580,"comment_status":"open","ping_status":"open","sticky":false,"template":"","format":"standard","meta":[],"categories":[1],"tags":[],"_links":{"self":[{"href":"https:\/\/neanoticias.com\/index.php\/wp-json\/wp\/v2\/posts\/579"}],"collection":[{"href":"https:\/\/neanoticias.com\/index.php\/wp-json\/wp\/v2\/posts"}],"about":[{"href":"https:\/\/neanoticias.com\/index.php\/wp-json\/wp\/v2\/types\/post"}],"author":[{"embeddable":true,"href":"https:\/\/neanoticias.com\/index.php\/wp-json\/wp\/v2\/users\/1"}],"replies":[{"embeddable":true,"href":"https:\/\/neanoticias.com\/index.php\/wp-json\/wp\/v2\/comments?post=579"}],"version-history":[{"count":1,"href":"https:\/\/neanoticias.com\/index.php\/wp-json\/wp\/v2\/posts\/579\/revisions"}],"predecessor-version":[{"id":581,"href":"https:\/\/neanoticias.com\/index.php\/wp-json\/wp\/v2\/posts\/579\/revisions\/581"}],"wp:featuredmedia":[{"embeddable":true,"href":"https:\/\/neanoticias.com\/index.php\/wp-json\/wp\/v2\/media\/580"}],"wp:attachment":[{"href":"https:\/\/neanoticias.com\/index.php\/wp-json\/wp\/v2\/media?parent=579"}],"wp:term":[{"taxonomy":"category","embeddable":true,"href":"https:\/\/neanoticias.com\/index.php\/wp-json\/wp\/v2\/categories?post=579"},{"taxonomy":"post_tag","embeddable":true,"href":"https:\/\/neanoticias.com\/index.php\/wp-json\/wp\/v2\/tags?post=579"}],"curies":[{"name":"wp","href":"https:\/\/api.w.org\/{rel}","templated":true}]}}