{"id":571,"date":"2023-03-15T01:12:40","date_gmt":"2023-03-15T01:12:40","guid":{"rendered":"https:\/\/neanoticias.com\/?p=571"},"modified":"2023-03-15T01:12:40","modified_gmt":"2023-03-15T01:12:40","slug":"eduardo-tassano-corrientes-tiene-futuro-como-una-ciudad-sostenible-inteligente-y-digital","status":"publish","type":"post","link":"https:\/\/neanoticias.com\/index.php\/2023\/03\/15\/eduardo-tassano-corrientes-tiene-futuro-como-una-ciudad-sostenible-inteligente-y-digital\/","title":{"rendered":"EDUARDO TASSANO: \u201cCORRIENTES TIENE FUTURO COMO UNA CIUDAD SOSTENIBLE, INTELIGENTE Y DIGITAL\u201d"},"content":{"rendered":"\n<p><em>En su mensaje, el intendente describi\u00f3 las principales labores llevadas adelante por la Municipalidad en sus diferentes \u00e1reas, enfatizando en tem\u00e1ticas como modernizaci\u00f3n, infraestructura, desarrollo tur\u00edstico y econ\u00f3mico, salud y econom\u00eda, como as\u00ed tambi\u00e9n sobre acciones tendientes a proteger el ambiente y a transformar a Corrientes en \u201cuna ciudad comprometida con la modernizaci\u00f3n de sus servicios, apostando al conocimiento, la profesionalidad, la eficiencia y la austeridad\u201d, afirm\u00f3. En la oportunidad, agradeci\u00f3 al gobernador Vald\u00e9s \u201cpor su enorme claridad y capacidad para trabajar juntos marcando el camino de la eficiencia de esta hist\u00f3rica ciudad\u201d.<\/em><\/p>\n\n\n\n<figure class=\"wp-block-image size-large\"><img loading=\"lazy\" width=\"1024\" height=\"682\" src=\"https:\/\/neanoticias.com\/wp-content\/uploads\/2023\/03\/ec23b446-1567-dbec-9227-d27c114578ed-1024x682.jpg\" alt=\"\" class=\"wp-image-572\" srcset=\"https:\/\/neanoticias.com\/wp-content\/uploads\/2023\/03\/ec23b446-1567-dbec-9227-d27c114578ed-1024x682.jpg 1024w, https:\/\/neanoticias.com\/wp-content\/uploads\/2023\/03\/ec23b446-1567-dbec-9227-d27c114578ed-300x200.jpg 300w, https:\/\/neanoticias.com\/wp-content\/uploads\/2023\/03\/ec23b446-1567-dbec-9227-d27c114578ed-768x512.jpg 768w, https:\/\/neanoticias.com\/wp-content\/uploads\/2023\/03\/ec23b446-1567-dbec-9227-d27c114578ed.jpg 1280w\" sizes=\"(max-width: 1024px) 100vw, 1024px\" \/><\/figure>\n\n\n\n<p>En la tarde de este mi\u00e9rcoles, el intendente capitalino Eduardo Tassano inaugur\u00f3 formalmente el per\u00edodo ordinario de sesiones del Concejo Deliberante, ocasi\u00f3n en la cual repas\u00f3 los logros de la gesti\u00f3n que encabeza al frente de la Municipalidad de la Ciudad de Corrientes y transmiti\u00f3 un mensaje hacia el futuro.<br>\u201cCreemos en un Estado municipal que sirva para agilizar en vez de obstaculizar, donde los vecinos no sean v\u00edctimas de la burocracia y puedan desarrollarse, prosperar y crecer con el mundo. Un Estado municipal que sirva para incentivar y promover la inversi\u00f3n, el trabajo, la educaci\u00f3n y la generaci\u00f3n de riqueza\u201d, exclam\u00f3 durante su discurso, en el que -como lo hiciera en los a\u00f1os anteriores- destac\u00f3 el trabajo mancomunado con el gobernador Gustavo Vald\u00e9s.<br>Tras realizar los pasos protocolares correspondientes, siendo acompa\u00f1ado por el presidente del Honorable Concejo Deliberante (HCD), Alfredo Vallejos, el intendente inici\u00f3 su discurso inaugural del per\u00edodo de sesiones ordinarias del cuerpo deliberativo comunal dirigi\u00e9ndose al vicegobernador, Pedro Braillard Poccard; el viceintendente, Emilio Lanari; senadores y diputados nacionales y provinciales, concejales capitalinos, ministros del Ejecutivo provincial, autoridades del Superior Tribunal de Justicia, autoridades eclesi\u00e1sticas, autoridades e invitados especiales, personal legislativo y de la prensa y, \u201cfundamentalmente, a los vecinos de nuestra ciudad\u201d, declar\u00f3.<br>\u00a0<br>\u201cTRABAJAMOS POR UNA CIUDAD CON UN GOBIERNO ORGANIZADO\u201d<br>\u201cUna vez m\u00e1s, asistimos a este Honorable Concejo Deliberante a cumplir con nuestro deber constitucional de abrir un nuevo per\u00edodo de sesiones. Esta responsabilidad republicana implica un mandato institucional, pero tambi\u00e9n una oportunidad para revalidar la visi\u00f3n del rumbo que debe tener la capital de Corrientes\u201d, anunci\u00f3 Tassano.<br>\u201cTrabajamos para construir una ciudad comprometida con la modernizaci\u00f3n de sus servicios, apostando al conocimiento, la profesionalidad, la eficiencia y la austeridad. Una ciudad con un gobierno organizado, que planifique con datos precisos y nos permita trabajar en pol\u00edticas p\u00fablicas concretas para modificar la realidad de los vecinos para los pr\u00f3ximos a\u00f1os\u201d, agreg\u00f3 al respecto.<br>\u201cCreemos en un Estado municipal que sirva para agilizar en vez de obstaculizar, donde los vecinos no sean v\u00edctimas de la burocracia y puedan desarrollarse, prosperar y crecer con el mundo. Un Estado municipal que sirva para incentivar y promover la inversi\u00f3n, el trabajo, la educaci\u00f3n y la generaci\u00f3n de riqueza\u201d, adujo. \u201cUn municipio que asuma plenamente los desaf\u00edos del siglo XXI, como el compromiso contra el cambio clim\u00e1tico, la transparencia, el gobierno abierto y el uso de tecnolog\u00edas para mejorar los servicios y la vida de los ciudadanos\u201d, ejemplific\u00f3 el titular del Departamento Ejecutivo Municipal (DEM).<br>En ese sentido, hizo especial hincapi\u00e9 en la necesidad de continuar trabajando en pos de \u201cun Estado local que se ocupe con seriedad del desarrollo humano y econ\u00f3mico de la ciudad\u201d.<br>\u00a0<br>PROVINCIA Y MUNICIPIO, JUNTOS<br>A continuaci\u00f3n, y como lo hiciera durante los m\u00e1s de cinco a\u00f1os que lleva al frente de la conducci\u00f3n del Ejecutivo municipal, el intendente lo\u00f3 el trabajo mancomunado con el gobernador Gustavo Vald\u00e9s y su equipo, que se efectu\u00f3 durante cinco a\u00f1os de forma ininterrumpida. \u201cEste trabajo fue y es posible por la gran articulaci\u00f3n que logramos con el Gobierno provincial\u201d, sostuvo.<br>\u201cEl primer ejemplo est\u00e1 relacionado con una transformaci\u00f3n sin precedentes de la infraestructura de la ciudad. La transitabilidad urbana a trav\u00e9s de las obras de pavimentaci\u00f3n, cord\u00f3n cuneta y ripio, sumada a las obras h\u00eddricas complementarias, la iluminaci\u00f3n led y el intenso trabajo en los espacios p\u00fablicos han transformado para bien la vida de miles de correntinos\u201d, dijo.<br>\u201cCon el gobernador Gustavo Vald\u00e9s decidimos trabajar juntos, potenciar recursos humanos, administrativos y econ\u00f3micos para generar las obras que se deb\u00eda a la capital, y poder elevarla al lugar protag\u00f3nico a la que est\u00e1 destinada en el nordeste argentino. El trabajo conjunto con la Provincia y los equipos municipales fue, es y ser\u00e1 clave para la incorporaci\u00f3n de Corrientes al destino que se merece\u201d, consider\u00f3 Tassano. \u201cNos propusimos trabajar profundamente en la gobernanza de la ciudad, en la obtenci\u00f3n de datos y la generaci\u00f3n de proyectos gu\u00edas para sustentar la transformaci\u00f3n\u201d, afirm\u00f3 a continuaci\u00f3n.<br>\u00a0<br>PLAN DE ORDENAMIENTO TERRITORIAL<br>\u201cDespu\u00e9s de varios a\u00f1os de planificaci\u00f3n, podemos decir con orgullo que la ciudad de Corrientes tiene su primer Plan de Ordenamiento Territorial para los pr\u00f3ximos 30 a\u00f1os, que prev\u00e9 la dotaci\u00f3n de infraestructura y servicios para el crecimiento demogr\u00e1fico y ordenado de la ciudad\u201d, recalc\u00f3 posteriormente el titular del DEM.<br>Acerca de ello, explic\u00f3 que se trata de \u201cun trabajo minucioso de planificaci\u00f3n urbana realizada de forma integral entre todas las \u00e1reas de la Municipalidad de Corrientes, en l\u00ednea con el Plan Estrat\u00e9gico Participativo (PEP) 2030 llevado adelante por el Gobierno provincial\u201d.<br>\u201cLa ciudad no puede crecer m\u00e1s de manera disgregada y desordenada, creando vac\u00edos urbanos en el territorio que obstaculizan la dotaci\u00f3n de servicios. La Municipalidad tiene la obligaci\u00f3n de brindar las respuestas de infraestructura b\u00e1sica, pero si no tenemos un crecimiento ordenado en lo urban\u00edstico, los servicios nunca ser\u00e1n eficientes ni efectivos\u201d, alert\u00f3.<br>\u00a0<br>CON EL CONCEJO DELIBERANTE<br>Asimismo, Tassano hizo referencia al permanente trabajo llevado delante de forma articulada con el Concejo Deliberante, lo que trajo consigo numerosos beneficios en cuanto a la posibilidad de modernizar al municipio y brindar m\u00e1s y mejores servicios a la ciudadan\u00eda.<br>\u201cEl camino de la planificaci\u00f3n y el desarrollo no ser\u00eda posible sin el trabajo conjunto con este Honorable Concejo Deliberante, con quien hemos logrado sancionar ordenanzas importantes y transformadoras\u201d, ratific\u00f3. \u201cQuiero resaltar, entre ellas, las ordenanzas de regularizaci\u00f3n de habilitaciones comerciales, que promueve la formalizaci\u00f3n de manera \u00e1gil, r\u00e1pida y flexible; y las reformas al C\u00f3digo de Edificaci\u00f3n, que modernizan los tr\u00e1mites para que los particulares puedan hacer sus obras de manera m\u00e1s \u00e1gil y con menos burocracia\u201d, ejemplific\u00f3 luego.<br>\u201cEn este momento, se encuentra en estudio de las comisiones el nuevo C\u00f3digo de Convivencia. Es nada m\u00e1s ni nada menos que el nuevo C\u00f3digo de Faltas para la ciudad\u201d, adelant\u00f3 el intendente. A su vez, se\u00f1al\u00f3 que en su estudio participaron todas las \u00e1reas del municipio, al tiempo que indic\u00f3 que \u201cdicha actualizaci\u00f3n incluye la derogaci\u00f3n de 200 ordenanzas antiguas y en desuso\u201d. Acerca de esta nueva normativa, analizada en el cuerpo deliberativo comunal, interpret\u00f3 que \u201cpor forma y contenido, es la reforma legislativa m\u00e1s importante de la ciudad desde la vuelta a la democracia\u201d.<br>\u201cAdem\u00e1s de modificar el mecanismo a implementar en cuanto a las tradicionales faltas en materia de tr\u00e1nsito, obras, higiene y comercios, incorporamos nuevas metodolog\u00edas en tem\u00e1ticas como medioambiente y defensa del consumidor, y del modo de accionar ante casos de maltrato animal y acoso callejero, entre otras materias, donde se innova y se pone a las ordenanzas en la vanguardia de los cambios legislativos municipales\u201d, continu\u00f3. \u201cEsta importante iniciativa, con dict\u00e1menes t\u00e9cnicos de la Facultad de Derecho y el Colegio de Abogados, brindar\u00e1 mayor seguridad jur\u00eddica y garantizar\u00e1 una mejor convivencia p\u00fablica a todos los vecinos y contribuyentes de nuestra capital\u201d, a\u00f1adi\u00f3.<br>\u201cTambi\u00e9n se est\u00e1 trabajando en el nuevo C\u00f3digo de Planeamiento de la ciudad, en el cual podr\u00e1n lograr el uso de suelo muchas empresas y comercios que hoy no pueden hacerlo\u201d, atestigu\u00f3 Tassano. A continuaci\u00f3n, recalc\u00f3 que \u201ca su vez, se encuentra en estudio la ordenanza de prefactibilidad h\u00eddrica con la que se busca actuar sobre la prevenci\u00f3n de inundaciones y sus dr\u00e1sticas consecuencias tanto sociales como econ\u00f3micas para los vecinos, y se apunta al riesgo hidrol\u00f3gico cero a la hora de la urbanizaci\u00f3n\u201d.<br>En cuanto a los cambios implementados en la gesti\u00f3n municipal y su consecuente mejora en diversos servicios, Tassano record\u00f3 que \u201casimismo, es destacable la modernizaci\u00f3n de la ordenanza de taxis y remises, donde adem\u00e1s se incorpor\u00f3 el transporte a trav\u00e9s de modernas aplicaciones, siendo Corrientes la segunda capital de Argentina en comenzar a regularlo\u201d.<br>\u201cEstos son solo algunos ejemplos del trabajo conjunto que llevamos adelante con este honorable cuerpo. Es mi deseo que sigamos trabajando juntos y en equipo, oficialismo y oposici\u00f3n, funcionarios ejecutivos y legislativos, y entidades de la comunidad, para dar sustento legal al desarrollo organizado de la ciudad\u201d, afirm\u00f3 el intendente.<br>\u00a0<br><strong>MODERNIZACI\u00d3N<\/strong><br>A continuaci\u00f3n, el titular del DEM ampli\u00f3 lo expuesto en cuanto a las acciones llevadas a cabo en torno a la modernizaci\u00f3n del municipio, lo cual fue una marca insignia desde el inicio de su primera gesti\u00f3n. \u201cDesde el primer d\u00eda de gesti\u00f3n tuvimos el compromiso de incorporar a Corrientes al ecosistema de la innovaci\u00f3n y la modernizaci\u00f3n. En cada acto y hecho de la gesti\u00f3n est\u00e1 presente el paradigma de consolidarnos como una ciudad inteligente, que en cada pol\u00edtica considere transversalmente p\u00fablica la tecnolog\u00eda, la energ\u00eda, el medioambiente, la movilidad, la infraestructura y la calidad de vida de los vecinos\u201d, sostuvo.<br>\u201cGracias al an\u00e1lisis de nuestros procesos administrativos y su posterior simplificaci\u00f3n, hemos podido eficientizar y mejorar la calidad de la respuesta a los vecinos, a partir de la eliminaci\u00f3n de etapas innecesarias en los flujos de trabajo, e implementando plataformas de digitalizaci\u00f3n\u201d, dijo luego. \u201cUna de ellas es la plataforma de Gesti\u00f3n Documental Electr\u00f3nica, en la cual los tr\u00e1mites tienen su circuito ciento por ciento digital\u201d, agreg\u00f3 al respecto.<br>\u201cContinuamos actualizando el portal del agente municipal, el portal de datos abiertos y la p\u00e1gina web de la Municipalidad, generamos aplicaciones para celulares para reclamos vecinales y potenciamos el Servicio de Atenci\u00f3n Ciudadana (SAC) a trav\u00e9s del\u00a0<em>call center<\/em>\u00a0para los vecinos, y otras facilidades para los tr\u00e1mites\u00a0<em>online<\/em>\u201d, record\u00f3 Tassano.<br>A su vez, indic\u00f3 que el a\u00f1o pasado, \u201cadem\u00e1s, incorporamos Muni Bot, el primer asistente virtual de atenci\u00f3n ciudadana de la Municipalidad de Corrientes, porque identificamos que el medio m\u00e1s utilizado por los vecinos es la plataforma de WhatsApp y concentramos all\u00ed toda la informaci\u00f3n sobre los servicios y programas, desde los m\u00e1s b\u00e1sicos hasta los eventos culturales, recreativos y tur\u00edsticos; y que ya alcanz\u00f3 un alto nivel de utilizaci\u00f3n\u201d. Luego, ampli\u00f3 lo expuesto al detallar que \u201cen poco tiempo, los vecinos enviaron a Muni Bot 90.542 mensajes; desde la plataforma se enviaron a los vecinos 192.997 mensajes y, desde el inicio, tuvimos 15.894 usuarios\u201d.<br>\u201cDiversificando los mecanismos de atenci\u00f3n ciudadana, buscamos nuevas formas de cercan\u00eda con los vecinos para resolver sus reclamos, que son la esencia de un gobierno abierto y amigable. Pensando en el futuro de la ciudad, estamos trabajando en el primer Plan de Acci\u00f3n de Gobierno Abierto de la ciudad de Corrientes, codise\u00f1ados con la sociedad civil de manera participativa y monitoreados por la Alianza de Gobierno Abierto, iniciativa multilateral que promueve el trabajo colaborativo entre Estado y organizaciones de la sociedad civil con el objetivo de lograr que los gobiernos sean m\u00e1s transparentes, participativos y encuentren nuevas formas de crear pol\u00edticas p\u00fablicas con los ciudadanos\u201d, se\u00f1al\u00f3 el intendente.<br>\u201cEstamos convencidos de que el camino de la gobernanza municipal se consolidar\u00e1 con los compromisos asumidos en este plan con eje en la transparencia, la rendici\u00f3n de cuentas, la participaci\u00f3n, la inclusi\u00f3n, la tecnolog\u00eda y la innovaci\u00f3n\u201d, asegur\u00f3 Tassano en ese contexto.<br>En ese sentido, detall\u00f3 que \u201cen cuanto a nuestros compromisos con los agentes municipales, ya hemos logrado que m\u00e1s de 800 trabajadores concursen para crecer en su carrera profesional, y hemos promovido el reencasillamiento de 3.600 agentes\u201d. Asimismo, rese\u00f1\u00f3: \u201cEn los Centros de Desarrollo Infantil (CDI) hemos logrado un hecho hist\u00f3rico en 2022, al generar el concurso para cargos de directoras, apostando a la preparaci\u00f3n y formaci\u00f3n continua y permanente en uno de los lugares m\u00e1s importantes y sensibles para una sociedad, como es la educaci\u00f3n de la primera infancia\u201d.<br>\u00a0<br><strong>INFRAESTRUCTURA<\/strong><br>\u201cLa actualizaci\u00f3n de la infraestructura ordenada y planificada de la ciudad ha sido una de nuestras metas desde el primer momento. El trabajo conjunto y estrat\u00e9gico con el Ministerio de Obras P\u00fablicas, la DPEC (Direcci\u00f3n Provincial de Energ\u00eda de Corrientes), el Invico (Instituto de Vivienda de Corrientes), Vialidad Urbana y dem\u00e1s instituciones provinciales, nos ha posibilitado dinamizar la obra p\u00fablica en la ciudad\u201d, recalc\u00f3 Tassano, al referirse a las labores realizadas en cuanto a infraestructura.<br>\u201cGracias a este trabajo conjunto se han logrado pavimentar avenidas y barrios enteros, y mejorar la conexi\u00f3n y transitabilidad vial. Barrios como Ant\u00e1rtida Argentina, Juan XXIII, V\u00edctor Colas, Ba\u00f1ado Norte y Nuestra Se\u00f1ora de la Pompeya, entre tantos otros, son testigos de estas realizaciones\u201d, se\u00f1al\u00f3.<br>\u00a0<br>LUCES LED<br>\u201cEstas obras, adem\u00e1s, son potenciadas con la modernizaci\u00f3n lum\u00ednica que intensivamente se hace en la ciudad. En este per\u00edodo, hemos llevado adelante la instalaci\u00f3n de 4.500 luminarias led en toda la ciudad, superando ampliamente el objetivo inicial\u201d, subray\u00f3, en cuanto a las tareas de modernizaci\u00f3n lum\u00ednica llevadas adelante a trav\u00e9s de un trabajo mancomunado con la Provincia. \u201cEste proceso, que incluye infraestructura el\u00e9ctrica a nuevo con sistema de telegesti\u00f3n, comenz\u00f3 en las grandes avenidas y plazas, y hoy es una realidad en diferentes barrios\u201d, ponder\u00f3, tras lo cual adelant\u00f3 que \u201cpara 2023 estamos proyectando la instalaci\u00f3n de 7.000 m\u00e1s; reafirmando nuestro compromiso de que el 80 por ciento de la ciudad se beneficie de esta tecnolog\u00eda al terminar nuestro mandato\u201d.<br>\u00a0<br>OBRAS VIALES<br>\u201cEl trabajo de intervenci\u00f3n de arterias con pavimentaci\u00f3n se complementa con los planes de ripio, bacheo y cord\u00f3n cuneta, siguiendo la ruta trazada de eliminar las calles de tierra en la ciudad. Con el plan de recuperaci\u00f3n de calles, intervinimos con obras de ripio en m\u00e1s de 350 cuadras en los barrios 9 de Julio, Ba\u00f1ado Norte, Bejarano, Doctor Monta\u00f1a, Jard\u00edn, Molina Punta, Pirayu\u00ed, Ponce, Punta Taitalo, Quintana, San Jos\u00e9, San Roque Este, San Roque Oeste, Sargento Cabral, Serantes, Sor Mar\u00eda Asunta Pittaro y Villa Chiquita, entre otros\u201d, enumer\u00f3 el titular del Ejecutivo municipal.<br>\u201cJunto con el Gobierno provincial hemos desarrollado 15 frentes de obras simult\u00e1neas de cord\u00f3n cuneta en toda la ciudad, aumentando el ritmo y alcanzando decenas de barrios. Con estas tareas, estamos optimizando la circulaci\u00f3n vehicular y peatonal, adem\u00e1s de garantizar un adecuado escurrimiento pluvial y de erradicar definitivamente las zanjas a cielo abierto\u201d, acot\u00f3 acerca de ello.<br>\u201cCon respecto a las calles de tierra, en 2018 constitu\u00edan el 55,1% del total de la ciudad y a fines de 2022 representaron el 9,6%\u201d, especific\u00f3 el intendente.<br>\u201cEn conjunto y con aportes de los vecinos, llevamos adelante el programa de cloaca social, con m\u00e1s de 7.000 metros lineales el \u00faltimo a\u00f1o, potenciando la salubridad y la posibilidad de nuevas obras viales en m\u00e1s barrios de la ciudad\u201d, a\u00f1adi\u00f3.<br>\u00a0<br>PLAN H\u00cdDRICO<br>\u201cA trav\u00e9s del Plan H\u00eddrico produjimos diferentes obras de entubamiento y desobstrucci\u00f3n en distintos puntos de la ciudad para optimizar el sistema de drenaje que soporte el impacto de las intensas lluvias generadas por el cambio clim\u00e1tico. A modo de ejemplo, en el a\u00f1o 2022 avanzamos en un tramo de 1.500 metros con tubos de 1,5 metros de di\u00e1metro en el pluvial Del Pinar, en el barrio San Roque; con 1.400 metros en el pluvial Quintana-Pirayu\u00ed; y con 200 metros en el pluvial Necochea\u201d, describi\u00f3 Tassano.<br>\u201cRealizamos un trabajo de limpieza y desobstrucci\u00f3n de pluviales permanente e in\u00e9dito, con el que este a\u00f1o llegamos a limpiar el total de pluviales de la ciudad\u201d, resalt\u00f3. \u201cEl trabajo incluy\u00f3 el total de canales a cielo abierto. Tambi\u00e9n seguimos con el trabajo en sumideros, a trav\u00e9s de 1.970 intervenciones en todas las arterias de la ciudad\u201d, agreg\u00f3, y luego record\u00f3 que \u201cadem\u00e1s, intervenimos con la colocaci\u00f3n de ca\u00f1os y ductos en 33 barrios, para mejorar el escurrimiento y el drenaje\u201d.<br>\u00a0<br>PLAZAS, PARQUES Y PASEOS<br>\u201cComo parte de nuestro objetivo de una ciudad m\u00e1s verde y amigable, hemos puesto a nuevo 85 plazas el \u00faltimo a\u00f1o en 54 barrios de la ciudad\u201d, ponder\u00f3 el intendente. \u201cEste plan de revalorizaci\u00f3n y embellecimiento de parques, plazas y paseos incluye obras integrales de refacci\u00f3n, construcci\u00f3n de veredas inclusivas con losetas podot\u00e1ctiles, senderos saludables para caminatas, kits de juegos y ejercicios, iluminaci\u00f3n led, play\u00f3n deportivo y parquizado\u201d, describi\u00f3.<br>Acerca de ello, consider\u00f3 que \u201capostar a ser una ciudad del encuentro implica poner en valor los lugares de disfrute y recreaci\u00f3n para empoderar a los vecinos en el uso de los espacios p\u00fablicos\u201d.<br>\u00a0<br><strong>DESARROLLO ECON\u00d3MICO Y TUR\u00cdSTICO<\/strong><br>\u201cCorrientes es una ciudad con bellezas naturales, con una rica historia y sede universitaria de primer nivel. Adem\u00e1s, es el centro administrativo de nuestra provincia\u201d, record\u00f3 Tassano. \u201cNosotros queremos que se consolide como una ciudad del desarrollo y crecimiento econ\u00f3mico para los correntinos\u201d, acot\u00f3 a continuaci\u00f3n.<br>\u201cNos identificamos con los emprendedores, porque valoramos el esfuerzo de quedarse e invertir en nuestra ciudad. Aquellos que decidan crecer comercialmente, generar riqueza y trabajo, deben saber que en Corrientes estamos propiciando un ecosistema amigable para favorecer el desarrollo y las inversiones\u201d, inst\u00f3.<br>\u201cEn lugares como el centro comercial a cielo abierto de (la avenida) Cazadores Correntinos, hemos acompa\u00f1ado no s\u00f3lo con la infraestructura urbana necesaria para potenciar las actividades, sino tambi\u00e9n con capacitaciones, gesti\u00f3n de cr\u00e9ditos y asesoramiento directo en materia publicitaria, fiscal y laboral\u201d, indic\u00f3 el intendente.<br>\u201cCon el programa Fortaleciendo mi Pyme se asiste t\u00e9cnicamente a los comerciantes en talleres de venta, m\u00e1rquetin, registraci\u00f3n de marcas,\u00a0<em>coaching<\/em>, atenci\u00f3n al cliente y plan de negocios, entre otros\u201d, dijo, y expuso que \u201ccon eventos permanentes como las Ferias de la Ciudad y Ciudad de Dise\u00f1o generamos espacios para que los emprendedores pueden exponer y comercializar sus productos\u201d.<br>\u00a0<br>CIUDAD DE EVENTOS<br>\u201cPlanificar el desarrollo econ\u00f3mico de la ciudad implica tambi\u00e9n la apuesta por consolidar a Corrientes como una ciudad tur\u00edstica y de eventos, que permita que todos puedan conocer y vivir la experiencia de nuestra ciudad, que es el principal portal a toda la provincia\u201d, afirm\u00f3 Tassano.<br>\u201cTrabajamos mancomunadamente con todas las instituciones del sector en la profesionalizaci\u00f3n de los servicios, con capacitaciones en idiomas, inclusi\u00f3n, cultura, historia y todo lo que tiene nuestra ciudad para ofrecer. Con el observatorio tur\u00edstico de la ciudad, y junto con las distintas c\u00e1maras y empresarios del sector, logramos estad\u00edsticas reales, que permiten an\u00e1lisis m\u00e1s asertivos y que faciliten inversiones en la capital\u201d, se\u00f1al\u00f3.<br>En ese contexto, el intendente record\u00f3: \u201cEstamos posicionados como una de las ciudades m\u00e1s elegidas para la realizaci\u00f3n de congresos y eventos. Corrientes est\u00e1 entre las 15 ciudades m\u00e1s elegidas de la Argentina, sobre 236 que realizan eventos\u201d y recalc\u00f3 que \u201ccon Visit Corrientes (visitcorrientes.tur.ar) contamos con una p\u00e1gina web espec\u00edfica y de vanguardia de informaci\u00f3n tur\u00edstica, la cual nos permite mostrarnos a todos los ciudadanos del mundo\u201d.<br>\u201cSostenemos la temporada de playas m\u00e1s larga de la Argentina con nuestros cinco balnearios p\u00fablicos, lo que es posible gracias a la inversi\u00f3n permanente, donde se ofrecen espect\u00e1culos en vivo, competencias deportivas, servicios gastron\u00f3micos, seguridad y la presencia permanente de guardavidas. Este \u00faltimo a\u00f1o, adem\u00e1s, incorporamos la primera playa p\u00fablica para mascotas, poniendo a Corrientes en la vanguardia del turismo\u00a0<em>pet friendly<\/em>\u201d, rese\u00f1\u00f3.<br>En ese sentido, resalt\u00f3 que \u201cla pol\u00edtica de playas est\u00e1 asociada tambi\u00e9n a los grandes eventos con que cuenta la ciudad, como la Fiesta Nacional del Chamam\u00e9, los Carnavales Oficiales y los Barriales, con el objetivo de ampliar la oferta para quienes nos visitan\u201d. Acerca de ello, entendi\u00f3 que \u201cestos eventos de gran magnitud est\u00e1n en la esencia de la correntinidad, y son promotores de trabajo, turismo y desarrollo permanente que deben ser acompa\u00f1ados y fortalecidos a trav\u00e9s del Estado municipal\u201d.<br>\u201cLa ciudad de los eventos, ya sean culturales, deportivos y de cualquier tipo, constituye un objetivo que vamos construyendo paso a paso\u201d, expres\u00f3 Tassano.<br>\u00a0<br>ECONOM\u00cdA DEL CONOCIMIENTO<br>\u201cEn nuestra ciudad buscamos potenciar la econom\u00eda del conocimiento y el desarrollo econ\u00f3mico de los j\u00f3venes. Debemos adaptar las pol\u00edticas p\u00fablicas a los veloces cambios del mundo del trabajo, que hace imperioso educar en nuevas habilidades y tecnolog\u00edas\u201d, sostuvo en otro tramo de su alocuci\u00f3n.<br>\u201cComenzamos a capacitar en programaci\u00f3n en diferentes niveles, a trav\u00e9s del Club de Chicas Programadoras, Club Argentec, Starcoding y Academia Egg, realizando adem\u00e1s convenios con la C\u00e1mara Blockchain Corrientes, el Ministerio de Ciencia y Tecnolog\u00eda y el INTI (Instituto Nacional de Tecnolog\u00eda Industrial)\u201d, enumer\u00f3. \u201cCon la Academia IT y el programa Muni Joven lanzamos cursos de programaci\u00f3n y dise\u00f1o, con el objetivo de aumentar la empleabilidad y la competitividad de los j\u00f3venes correntinos en la industria del\u00a0<em>software<\/em>\u201d, agreg\u00f3.<br>\u00a0<br>EMPRENDEDURISMO<br>\u201cCon el programa Emprender Ciudad Joven del Fondo de Desarrollo estamos creando m\u00e1s y mejores oportunidades de empleo, potenciando los proyectos de los j\u00f3venes emprendedores a trav\u00e9s de cr\u00e9ditos con tasas blandas para adquisici\u00f3n de bienes de capital, instalaci\u00f3n de montaje y accesorios y adecuaci\u00f3n de infraestructura\u201d, dijo. \u201cAsimismo, estamos ofreciendo m\u00e1s de 60 cursos de oficios como electricidad, plomer\u00eda, colocaci\u00f3n de durlock, gastronom\u00eda y muchos m\u00e1s, a trav\u00e9s de los distintos centros de formaci\u00f3n de los barrios\u201d, a\u00f1adi\u00f3.<br>\u201cApuntamos al desarrollo de la econom\u00eda circular, que, si bien es incipiente, con nuestra pol\u00edtica de gesti\u00f3n de residuos aspiramos a generar empresas que se interesen en el reciclado de pl\u00e1stico, vidrio, cart\u00f3n, entre otros\u201d, recalc\u00f3 el intendente.<br>\u00a0<br>PARQUE INDUSTRIAL<br>\u201cEl Parque Industrial constituye otro polo de desarrollo para la ciudad. Siguiendo la pol\u00edtica de parques industriales del Gobierno provincial, hoy estamos camino a ser uno de los 18 parques con los que cuenta la provincia\u201d, manifest\u00f3 el titular del DEM.<br>\u201cYa son 36 las empresas con lotes en el parque industrial. Una ya est\u00e1 funcionando, y cuatro m\u00e1s est\u00e1n en proceso de radicaci\u00f3n, mientras se ejecutan los trabajos finales de infraestructura necesaria para el funcionamiento definitivo. Tambi\u00e9n contamos con siete empresas m\u00e1s, que est\u00e1n muy pr\u00f3ximas a iniciar sus procesos de radicaci\u00f3n\u201d, expuso.<br>\u201cEn resumen, el desarrollo tur\u00edstico, comercial, el de la econom\u00eda del conocimiento, la econom\u00eda circular y el parque industrial son las bases sobre las cuales queremos consolidar el crecimiento econ\u00f3mico de la ciudad\u201d, sintetiz\u00f3 en ese apartado.<br>\u00a0<br><strong>SALUD<\/strong><br>\u201cSeguimos trabajando intensamente en salud p\u00fablica de la ciudad. Ese trabajo incluye tanto la infraestructura necesaria como mejoras en las prestaciones m\u00e9dicas demandadas por los vecinos\u201d, indic\u00f3 el intendente -m\u00e9dico de profesi\u00f3n- durante su discurso.<br>\u201cJunto con el Gobierno provincial, pusimos a nuevo 22 Salas de Atenci\u00f3n Primaria de la Salud (SAPS) en lo que va de la gesti\u00f3n. A ello se suma la inversi\u00f3n en todo el equipamiento necesario, inform\u00e1tico, mobiliario,\u00a0<em>office<\/em>\u00a0de enfermer\u00eda, consultorios m\u00e9dicos, odontol\u00f3gicos y kin\u00e9sicos y para operativos sanitarios, que incorporamos para modernizar la prestaci\u00f3n de un servicio esencial para los vecinos\u201d, ponder\u00f3.<br>\u201cLa refuncionalizacion y recategorizaci\u00f3n de los servicios apunta a embarazadas, ni\u00f1os y adultos mayores. Para ello, se est\u00e1 trabajando en seguimiento de embarazo y control del ni\u00f1o sano, diagn\u00f3stico, empadronamiento y seguimiento de pacientes diab\u00e9ticos e hipertensos de cada \u00e1rea program\u00e1tica\u201d, especific\u00f3 luego.<br>\u201cCon el fin de reforzar el men\u00fa prestacional y la cobertura con otras especialidades, seguimos fortaleciendo el programa de M\u00e9dicos Itinerantes, dotando de mayor cobertura a las 36 SAPS de la ciudad, con un plantel m\u00e9dico compuestos por pediatras, ginec\u00f3logos, cardi\u00f3logos, otorrinolaring\u00f3logos y ecografistas que recorren las diferentes \u00e1reas program\u00e1ticas\u201d, manifest\u00f3 en ese marco.<br>Asimismo, record\u00f3 que gracias a \u201cla innovaci\u00f3n del Portal del Paciente en la gesti\u00f3n de turnos, estamos brindando a la poblaci\u00f3n mayor accesibilidad a la salud, permiti\u00e9ndole acceder a un turno sin la necesidad de realizar esperas a primera hora\u201d y adujo que \u201ca su vez, con la incorporaci\u00f3n de la historia cl\u00ednica electr\u00f3nica, fortalecemos los procesos internos y de atenci\u00f3n de cara a mejorar el servicio de salud, la satisfacci\u00f3n del paciente y la modernizaci\u00f3n del servicio\u201d.<br>\u201cOtro de nuestros ejes es la lucha contra el consumo problem\u00e1tico. Desde inicios del 2022, nos hicimos cargo del Dispositivo Territorial del barrio Independencia, donde, bajo los lineamientos de la ley de salud mental, ofrecemos un abordaje integral e interdisciplinario sobre las problem\u00e1ticas de consumo\u201d, se\u00f1al\u00f3 Tassano. En ese sentido, sostuvo que \u201call\u00ed se brinda un espacio terap\u00e9utico, seguro y libre de prejuicios, para personas que se presentan voluntariamente con estas problem\u00e1ticas, y en el que trabajamos de manera conjunta con actores de la sociedad civil, ONG y Poder Judicial\u201d.<br>\u00a0<br>CORRIENTES, CIUDAD DEPORTIVA<br>\u201cCorrientes es una ciudad con una extensa tradici\u00f3n deportiva, y estamos camino a ser una ciudad de eventos deportivos. En coordinaci\u00f3n con la Secretar\u00eda de Deportes de la Provincia se han realizado eventos como el Iberoamericano de Power Lifting, Duatl\u00f3n, B\u00e1squet 3&#215;3 de la Liga Nacional de B\u00e1squet, la Liga Federal de Cesto y el Torneo Internacional de Handball, entre otros\u201d, expres\u00f3 el intendente.<br>\u201cLlevamos adelante las cl\u00e1sicas Maratones Barriales, con nueve fechas en distintos barrios, teniendo en cada una de ellas alrededor de 500 corredores por etapa\u201d, complement\u00f3.<br>A su vez, recalc\u00f3 que \u201cse han hecho actividades deportivas y recreativas en todos los espacios p\u00fablicos y en cada barrio de la ciudad con el programa Activate, incluyendo a los adultos mayores e instituciones de personas con discapacidad\u201d.<br>\u201cAprovechamos las playas para apoyar el desarrollo de actividades deportivas en las mismas, como f\u00fatbol, handbol, rugby, v\u00f3ley y cesto. Acompa\u00f1amos a las escuelas de kayak en playa Molina Punta, donde se realizaron, adem\u00e1s, duatl\u00f3n, triatl\u00f3n y marat\u00f3n acu\u00e1tica\u201d, indic\u00f3 Tassano.\u00a0<br>\u00a0<br><strong>HACIENDA<\/strong><br>\u201cTodas las obras, acciones y realizaciones que llevamos adelante no ser\u00edan posibles si las cuentas p\u00fablicas no est\u00e1n saneadas y ordenadas. En un contexto econ\u00f3mico cr\u00edtico, donde los municipios son los primeros afectados fiscalmente, hemos trabajado desde el inicio de nuestra gesti\u00f3n en reducir la presi\u00f3n fiscal y premiar al contribuyente responsable que cumple en tiempo y forma con sus obligaciones tributarias municipales\u201d, dijo el intendente.<br>\u201cPara este 2023 apostamos a la reducci\u00f3n impositiva de patentes con el programa de fomento de radicaci\u00f3n de autos cero kil\u00f3metro, que otorga hasta el 50 por ciento de descuento en el impuesto, en rodados 0 km. en el primer a\u00f1o que se radiquen en la ciudad y hasta el 30% durante el segundo a\u00f1o\u201d, expuso.<br>\u201cTambi\u00e9n logramos consolidar las figuras del Buen Contribuyente y Contribuyente Destacado, para aquellos vecinos que han abonado al d\u00eda sus impuestos durante los \u00faltimos tres a\u00f1os. Estos contribuyentes reciben descuentos y bonificaci\u00f3n de la cuota del mes de diciembre, valorando as\u00ed el esfuerzo y responsabilidad ciudadana\u201d, ponder\u00f3 en ese contexto.<br>\u201cAdem\u00e1s, con el Pago Anual Anticipado, cada a\u00f1o estamos otorgando mayores beneficios y facilidades tributarias a los vecinos de la ciudad, logrando descuentos de hasta 50 por ciento en contribuciones por cementerio, 43% en el impuesto automotor y 28% en los conceptos inmobiliarios\u201d, detall\u00f3 el titular del Ejecutivo municipal.<br>\u201cLogramos desendeudar al Municipio, para que los recursos se vuelquen \u00edntegramente en los servicios para los vecinos. Hemos cumplido y honrado las deudas contra\u00eddas por otras gestiones, como con el Plan de Pagos Impositivos de la AFIP, regularizando las retenciones no depositadas durante a\u00f1os anteriores\u201d, especific\u00f3.<br>\u201cTampoco contamos con deuda en moneda extranjera, situaci\u00f3n muy ventajosa en el contexto macroecon\u00f3mico actual y que permite estar en una situaci\u00f3n financiera \u00f3ptima para hacer frente a nuestras obligaciones sin sobresaltos, tener super\u00e1vit, y tambi\u00e9n contar con fondos para la realizaci\u00f3n de m\u00e1s obras p\u00fablicas importantes para el crecimiento y desarrollo de la ciudad\u201d, valor\u00f3 luego.<br>\u00a0<br><strong>AMBIENTE<\/strong><br>\u201cBuscamos mantener el equilibrio en las finanzas p\u00fablicas, como pilar para el desarrollo sostenible de la ciudad. Hoy podemos decir con orgullo que Corrientes es una ciudad que lucha contra el cambio clim\u00e1tico\u201d, afirm\u00f3 Tassano. \u201cLas ciudades del siglo XXI vivimos en una encrucijada y paradoja constante: somos la principal causa del cambio clim\u00e1tico, las m\u00e1s afectadas por ella y, al mismo tiempo, los lugares donde hay muchas posibilidades de respuesta y soluci\u00f3n\u201d, contrast\u00f3.<br>\u201cLas ciudades somos centros de gobierno, comercio, transporte y cultura; utilizamos una gran proporci\u00f3n del suministro de energ\u00eda y producimos la mayor parte de las emisiones de gases de efecto invernadero. Globalmente, somos responsables de m\u00e1s del 70 por ciento de esas emisiones en el mundo, a la vez que ocupamos solo el 2% de la superficie de la tierra\u201d, expuso el intendente.<br>\u201cDebemos ser conscientes de que el crecimiento urbano descontrolado invade las zonas verdes de su entorno, que act\u00faan como sumideros de carbono\u201d, sostuvo. \u201cLas ciudades se est\u00e1n haciendo cada vez m\u00e1s grandes y nuestros problemas cada vez m\u00e1s dif\u00edciles de enfrentar\u201d, consider\u00f3 al respecto.<br>As\u00ed, Tassano interpret\u00f3 que \u201cnecesitamos potenciar la infraestructura para soportar los impactos de la crisis clim\u00e1tica\u201d, tras lo cual manifest\u00f3 que \u201cla enorme huella de carbono creada por nuestras ciudades es el resultado directo de una mala planificaci\u00f3n urban\u00edstica y de dise\u00f1o urbano\u201d.<br>En ese sentido, manifest\u00f3 que \u201cuno de los primeros pasos que dimos fue la confecci\u00f3n del inventario de emisiones de gases de efecto invernadero y en una evaluaci\u00f3n de los riesgos y vulnerabilidades clim\u00e1ticas que padece nuestra ciudad, compromiso asumido en el marco del Pacto Global de Alcaldes por el Clima y la Energ\u00eda, dependiente de la Uni\u00f3n Europea\u201d.<br>\u201cLas acciones incluyen planes de adaptaci\u00f3n y de mitigaci\u00f3n del cambio clim\u00e1tico. A manera de ejemplos, tenemos el Plan H\u00eddrico como plan de adaptaci\u00f3n y como mitigaci\u00f3n, nuestras pol\u00edticas de la Girsu (Gesti\u00f3n Integral de Residuos S\u00f3lidos Urbanos), la reforestaci\u00f3n y el est\u00edmulo de utilizaci\u00f3n de energ\u00edas renovables, entre otras\u201d, describi\u00f3.<br>\u201cLa gesti\u00f3n integral de residuos a trav\u00e9s de los programas Reciclando Juntos, la colocaci\u00f3n de puntos verdes fijos y m\u00f3viles, el Ecotrueque, la planta de compostaje municipal, la educaci\u00f3n ambiental permanente a trav\u00e9s de la adhesi\u00f3n a la ley Yolanda, las capacitaciones a emprendedores sustentables y el impulso a la econom\u00eda circular, nos han permitido reducir toneladas de pl\u00e1stico, papel, vidrio y metal en la ciudad para su posterior reutilizaci\u00f3n\u201d, record\u00f3 el intendente.<br>Acerca de estos temas, recalc\u00f3 que este tipo de trabajos se ejecutan \u201cde forma articulada con el sistema de recolecci\u00f3n diferenciada domiciliaria, conformando as\u00ed un bloque de acciones municipales contra el cambio clim\u00e1tico\u201d.<br>\u201cQuiero decirles que la recolecci\u00f3n diferenciada lleg\u00f3 a nuestra ciudad para quedarse. A las iniciales pruebas pilotos de los barrios Juan de Vera, Los Profesionales y Molina Punta, sumamos en 2022 a los barrios Camb\u00e1 Cu\u00e1, La Cruz, Deportes, La Rosada, Libertad, Centro y Ferr\u00e9, y cada vez nos iremos expandiendo m\u00e1s\u201d, indic\u00f3 en su discurso. \u201cNos comprometimos desde el primer d\u00eda a trabajar por una ciudad m\u00e1s limpia y sustentable y estamos cumpliendo\u201d, asegur\u00f3.<br>\u201cTambi\u00e9n buscamos generar m\u00e1s pulmones verdes en la ciudad, a trav\u00e9s del plan de reforestaci\u00f3n municipal. Para mayor protecci\u00f3n y cuidado, trabajamos con profesionales de la UNNE (Universidad Nacional del Nordeste) en el primer inventario de \u00e1rboles de la ciudad, con miras a identificar aquellos que deben ser protegidos, cuidados y ajustar las normas de mantenimiento de los mismos\u201d, describi\u00f3.<br>Seguidamente, arguy\u00f3 que \u201cpara poder aumentar el n\u00famero de \u00e1rboles en los barrios, plazas y calles de la ciudad, es clave el rol del vivero municipal como abastecedor principal, gracias al cual hemos superado nuestra meta anual al plantar m\u00e1s de 2.500 \u00e1rboles el \u00faltimo a\u00f1o\u201d.<br>\u201cA trav\u00e9s de la Reserva Natural Santa Catalina estamos recuperando el pulm\u00f3n verde m\u00e1s importante de la ciudad, restaurando y reforestando bosques nativos. Logramos su protecci\u00f3n legal a trav\u00e9s del Sistema Municipal de \u00c1reas Protegidas, junto a la UNNE y el Conicet (Consejo Nacional de Investigaciones Cient\u00edficas y T\u00e9cnicas) llevamos adelante el primer inventario de la flora y fauna que habitan en el espacio natural; y tambi\u00e9n trabajamos sobre diversas cuestiones de la reserva junto al Ibone (Instituto de Bot\u00e1nica del Nordeste), el Cecoal (Centro de Ecolog\u00eda Aplicada del Litoral) y otras instituciones\u201d, explic\u00f3, y rese\u00f1\u00f3 que en 2022 se cre\u00f3 el Comit\u00e9 de la Reserva Santa Catalina y el consejo consultivo formado por el Cecoal, el Ibone y la Facultad de Agronom\u00eda.<br>\u201cIncorporamos all\u00ed la figura de guardaparques para garantizar su protecci\u00f3n de la depredaci\u00f3n, incorporamos se\u00f1alizaci\u00f3n; intervenimos en 50.000 ejemplares de \u00e1rboles nativos y se est\u00e1n plantando otros 20 mil m\u00e1s\u201d, dijo Tassano. \u201cAdem\u00e1s de ser el principal compensador ambiental de la ciudad, pretendemos que la reserva se convierta en un lugar para la investigaci\u00f3n cient\u00edfica y el ecoturismo\u201d, exterioriz\u00f3.<br>\u00a0<br>LA TECNOLOG\u00cdA COMO HERRAMIENTA DE SERVICIO<br>\u201cQuiero decirles, para concluir, que el impacto de las tecnolog\u00edas digitales est\u00e1 transformando velozmente nuestras formas de relacionarnos, especialmente en las ciudades como centros de transporte, educaci\u00f3n, recreaci\u00f3n, producci\u00f3n y consumo\u201d, manifest\u00f3 el titular del Ejecutivo municipal. \u201cEsto genera nuevos retos y oportunidades para los municipios, y nuestra ciudad deber\u00e1 ser capaces, en un mediano plazo, de resolver problemas urbanos con la ayuda de dispositivos y plataformas tecnol\u00f3gicas, con el objetivo de mejorar la calidad de vida de los vecinos, optimizar la prestaci\u00f3n de los servicios municipales y tener un crecimiento ordenado y planificado\u201d, adelant\u00f3.<br>\u201cLas ciudades deben reinventarse e ir hacia un nuevo pacto urbano con un crecimiento inteligente que, de manera participativa y con la ayuda de la inteligencia artificial, resuelva los problemas de la vida vecinal cotidiana, como la congesti\u00f3n del tr\u00e1nsito, la contaminaci\u00f3n ambiental y la gesti\u00f3n de los servicios y espacios p\u00fablicos\u201d, expuso. \u201cUna ciudad basada en la innovaci\u00f3n abierta y la gobernanza colaborativa s\u00f3lo ser\u00e1 posible si todos juntos asumimos el desaf\u00edo y la decisi\u00f3n pol\u00edtica, para que nadie quede atr\u00e1s en los cambios que se vienen\u201d, recalc\u00f3 al respecto.<br>\u201cEstoy convencido de que el futuro de Corrientes es el de transformarse en una ciudad sostenible, inteligente y digital, abierta al mundo y a las grandes transformaciones que mejorar\u00e1n el bienestar ciudadano\u201d, afirm\u00f3 Tassano, de forma contundente. \u201cHacia all\u00ed vamos, dando los primeros pasos en este camino innovador, y asumiendo con responsabilidad el desaf\u00edo de nuestra \u00e9poca\u201d, ratific\u00f3.<br>\u00a0<br>MENSAJE FINAL<br>Luego de ahondar en dis\u00edmiles y numerosas tem\u00e1ticas, lleg\u00f3 el ep\u00edlogo del discurso, donde Tassano vir\u00f3 a un costado m\u00e1s tendiente a lo pol\u00edtico.<br>\u201cLa situaci\u00f3n macroecon\u00f3mica y pol\u00edtica de nuestro pa\u00eds una vez m\u00e1s nos expone e instiga a que nos adaptemos. En este sentido, la experiencia adquirida en la condici\u00f3n municipal ayuda a que estemos enfocados en los procesos m\u00e1s eficientes y eficaces\u201d, manifest\u00f3.<br>\u201cNos toca administrar y liderar un momento sensible de nuestra gente. Sin embargo, elegimos creer\u201d, asegur\u00f3. \u201cElegimos creer a nivel municipal, provincial y nacional. Elegimos creer en la Argentina, que, a pesar de la adversidad, tendr\u00e1 una nueva oportunidad para salir adelante. Confiamos en que nuestra Naci\u00f3n se apoye en la capacidad de sus ciudadanos\u201d, transmiti\u00f3 el intendente.<br>\u201cHemos demostrado que tenemos una gran capacidad de resiliencia, que tenemos la capacidad de sacar lo mejor de cada cual para construir un futuro mejor para nuestros hijos y nietos. Lleg\u00f3 el tiempo de mirarnos unos a otros para que, juntos, consigamos mejores resultados y, gracias a la planificaci\u00f3n estrat\u00e9gica y la coordinaci\u00f3n de equipo, encontremos las salidas a pesar de los laberintos que se presentan\u201d, manifest\u00f3.<br>\u201cHoy podemos decir que tenemos una ciudad que crece y aprende junto a los ciudadanos de modo m\u00e1s eficiente, que progresa en cuestiones ambientales, culturales, tur\u00edsticas, viales, de capacitaci\u00f3n e infraestructura\u201d, resalt\u00f3 Tassano. \u201cCorrientes avanza con identidad definida\u201d, insisti\u00f3 luego.<br>\u201cUna ciudad que incluye, que se desarrolla desde los barrios hacia el centro, que en cada reuni\u00f3n familiar o de amigos, en sus plazas y parques, explican por qu\u00e9 nos llaman la ciudad del encuentro. Corrientes emociona con su mejora\u201d, declar\u00f3.<br>\u201cSe\u00f1oras y se\u00f1ores: quiero agradecerles por la confianza nuevamente, por el apoyo incondicional en esta dif\u00edcil tarea de gobernar para todos los capitalinos. Gracias a los vecinos que todos los d\u00edas me ayudan con sus comentarios. Una vez m\u00e1s, a mi querido viceintendente, el doctor Lanari; al equipo municipal, que no deja de proponer y trabajar con esmero para sostener una Municipalidad activa y cercana. Al se\u00f1or gobernador, por su enorme claridad y capacidad para trabajar juntos marcando el camino de la eficiencia de esta hist\u00f3rica ciudad. Y a mi familia, que tanto me apoya\u201d, transmiti\u00f3, en el cierre de su discurso.<br>\u201cLa transformaci\u00f3n la desarrollamos en conjunto. Hoy, m\u00e1s que nunca, nos hacemos cargo, buscando fortalecer nuestra identidad, creciendo y progresando\u201d, dijo para finalizar.<br>As\u00ed, el intendente Tassano dej\u00f3 inauguradas las sesiones ordinarias del per\u00edodo legislativo 2023 del Honorable Concejo Deliberante.<\/p>\n","protected":false},"excerpt":{"rendered":"<p>En su mensaje, el intendente describi\u00f3 las principales labores llevadas adelante por la Municipalidad en&#8230;<\/p>\n","protected":false},"author":1,"featured_media":572,"comment_status":"open","ping_status":"open","sticky":false,"template":"","format":"standard","meta":[],"categories":[1],"tags":[],"_links":{"self":[{"href":"https:\/\/neanoticias.com\/index.php\/wp-json\/wp\/v2\/posts\/571"}],"collection":[{"href":"https:\/\/neanoticias.com\/index.php\/wp-json\/wp\/v2\/posts"}],"about":[{"href":"https:\/\/neanoticias.com\/index.php\/wp-json\/wp\/v2\/types\/post"}],"author":[{"embeddable":true,"href":"https:\/\/neanoticias.com\/index.php\/wp-json\/wp\/v2\/users\/1"}],"replies":[{"embeddable":true,"href":"https:\/\/neanoticias.com\/index.php\/wp-json\/wp\/v2\/comments?post=571"}],"version-history":[{"count":1,"href":"https:\/\/neanoticias.com\/index.php\/wp-json\/wp\/v2\/posts\/571\/revisions"}],"predecessor-version":[{"id":573,"href":"https:\/\/neanoticias.com\/index.php\/wp-json\/wp\/v2\/posts\/571\/revisions\/573"}],"wp:featuredmedia":[{"embeddable":true,"href":"https:\/\/neanoticias.com\/index.php\/wp-json\/wp\/v2\/media\/572"}],"wp:attachment":[{"href":"https:\/\/neanoticias.com\/index.php\/wp-json\/wp\/v2\/media?parent=571"}],"wp:term":[{"taxonomy":"category","embeddable":true,"href":"https:\/\/neanoticias.com\/index.php\/wp-json\/wp\/v2\/categories?post=571"},{"taxonomy":"post_tag","embeddable":true,"href":"https:\/\/neanoticias.com\/index.php\/wp-json\/wp\/v2\/tags?post=571"}],"curies":[{"name":"wp","href":"https:\/\/api.w.org\/{rel}","templated":true}]}}