{"id":562,"date":"2023-03-15T00:59:51","date_gmt":"2023-03-15T00:59:51","guid":{"rendered":"https:\/\/neanoticias.com\/?p=562"},"modified":"2023-03-15T00:59:52","modified_gmt":"2023-03-15T00:59:52","slug":"tassano-anuncio-el-cronograma-de-sueldos-de-febrero","status":"publish","type":"post","link":"https:\/\/neanoticias.com\/index.php\/2023\/03\/15\/tassano-anuncio-el-cronograma-de-sueldos-de-febrero\/","title":{"rendered":"TASSANO ANUNCI\u00d3 EL CRONOGRAMA DE SUELDOS DE FEBRERO"},"content":{"rendered":"\n<p><em>El pago para los trabajadores de planta y contrato iniciar\u00e1 el mi\u00e9rcoles 1 de marzo, con Higiene Urbana, y se extender\u00e1 hasta el martes 7, seg\u00fan finalizaci\u00f3n del DNI. Los agentes Neike bancarizados tambi\u00e9n tendr\u00e1n depositados sus salarios el mi\u00e9rcoles 1. Por su parte, los Neike no bancarizados cobrar\u00e1n desde el 1 y hasta el viernes 3, por terminaci\u00f3n del DNI, en la Caja Municipal de Pr\u00e9stamos.<\/em><\/p>\n\n\n\n<figure class=\"wp-block-image size-large\"><img loading=\"lazy\" width=\"617\" height=\"1024\" src=\"https:\/\/neanoticias.com\/wp-content\/uploads\/2023\/03\/ff64436e-2850-feac-474c-1bffaa2beafe-617x1024.jpeg\" alt=\"\" class=\"wp-image-563\" srcset=\"https:\/\/neanoticias.com\/wp-content\/uploads\/2023\/03\/ff64436e-2850-feac-474c-1bffaa2beafe-617x1024.jpeg 617w, https:\/\/neanoticias.com\/wp-content\/uploads\/2023\/03\/ff64436e-2850-feac-474c-1bffaa2beafe-181x300.jpeg 181w, https:\/\/neanoticias.com\/wp-content\/uploads\/2023\/03\/ff64436e-2850-feac-474c-1bffaa2beafe-768x1275.jpeg 768w, https:\/\/neanoticias.com\/wp-content\/uploads\/2023\/03\/ff64436e-2850-feac-474c-1bffaa2beafe.jpeg 779w\" sizes=\"(max-width: 617px) 100vw, 617px\" \/><\/figure>\n\n\n\n<p>El mi\u00e9rcoles 1 de marzo, la Municipalidad de Corrientes iniciar\u00e1 el cronograma de pago de sueldos correspondientes al mes de febrero para todo el personal, seg\u00fan inform\u00f3 el intendente Eduardo Tassano.<br>En cuanto a los agentes municipales de planta y contrato, percibir\u00e1n sus haberes seg\u00fan el cronograma establecido, que iniciar\u00e1 este mi\u00e9rcoles 1 y se extender\u00e1 hasta el martes 7.<br>El mi\u00e9rcoles 1 se pagar\u00e1 a los trabajadores de Higiene Urbana; el jueves 2, a los agentes con Documento Nacional de Identidad (DNI) que culminen en 0 y 1; el viernes 3, a municipales con DNI que finalicen en 2, 3 y 4; el lunes 6, a quienes tengan DNI terminados en 5 y 6; mientras que el martes 7 se har\u00e1 lo propio con los que posean documentos finalizados en 7, 8 y 9.<br>\u00a0<br>NEIKE<br>El titular del Ejecutivo municipal detall\u00f3 que los agentes Neike bancarizados tendr\u00e1n depositados los salarios en sus respectivas cuentas bancarias el mi\u00e9rcoles 1, dinero al que podr\u00e1n acceder extray\u00e9ndolo a trav\u00e9s de los cajeros autom\u00e1ticos habilitados.<br>Por su parte, los Neike no bancarizados deber\u00e1n dirigirse a la Caja Municipal de Pr\u00e9stamos (CMP), en su sede central, ubicada en Brasil 1269. Los pagos se har\u00e1n de lunes a viernes, de 7.30 a 12.30 y de 16 a 20.30.<br>En este caso, el mi\u00e9rcoles 1 se pagar\u00e1 a los trabajadores con DNI terminados en 0, 1 y 2; el jueves 2, a los agentes con DNI finalizados en 3, 4, 5 y 6; y el viernes 3, a los que tengan documentos que finalicen en 7, 8 y 9.<br>\u00a0<\/p>\n","protected":false},"excerpt":{"rendered":"<p>El pago para los trabajadores de planta y contrato iniciar\u00e1 el mi\u00e9rcoles 1 de marzo,&#8230;<\/p>\n","protected":false},"author":1,"featured_media":563,"comment_status":"open","ping_status":"open","sticky":false,"template":"","format":"standard","meta":[],"categories":[1],"tags":[],"_links":{"self":[{"href":"https:\/\/neanoticias.com\/index.php\/wp-json\/wp\/v2\/posts\/562"}],"collection":[{"href":"https:\/\/neanoticias.com\/index.php\/wp-json\/wp\/v2\/posts"}],"about":[{"href":"https:\/\/neanoticias.com\/index.php\/wp-json\/wp\/v2\/types\/post"}],"author":[{"embeddable":true,"href":"https:\/\/neanoticias.com\/index.php\/wp-json\/wp\/v2\/users\/1"}],"replies":[{"embeddable":true,"href":"https:\/\/neanoticias.com\/index.php\/wp-json\/wp\/v2\/comments?post=562"}],"version-history":[{"count":1,"href":"https:\/\/neanoticias.com\/index.php\/wp-json\/wp\/v2\/posts\/562\/revisions"}],"predecessor-version":[{"id":564,"href":"https:\/\/neanoticias.com\/index.php\/wp-json\/wp\/v2\/posts\/562\/revisions\/564"}],"wp:featuredmedia":[{"embeddable":true,"href":"https:\/\/neanoticias.com\/index.php\/wp-json\/wp\/v2\/media\/563"}],"wp:attachment":[{"href":"https:\/\/neanoticias.com\/index.php\/wp-json\/wp\/v2\/media?parent=562"}],"wp:term":[{"taxonomy":"category","embeddable":true,"href":"https:\/\/neanoticias.com\/index.php\/wp-json\/wp\/v2\/categories?post=562"},{"taxonomy":"post_tag","embeddable":true,"href":"https:\/\/neanoticias.com\/index.php\/wp-json\/wp\/v2\/tags?post=562"}],"curies":[{"name":"wp","href":"https:\/\/api.w.org\/{rel}","templated":true}]}}