{"id":559,"date":"2023-03-15T00:58:40","date_gmt":"2023-03-15T00:58:40","guid":{"rendered":"https:\/\/neanoticias.com\/?p=559"},"modified":"2023-03-15T00:58:41","modified_gmt":"2023-03-15T00:58:41","slug":"detenido-por-el-robo-a-un-polirrubro","status":"publish","type":"post","link":"https:\/\/neanoticias.com\/index.php\/2023\/03\/15\/detenido-por-el-robo-a-un-polirrubro\/","title":{"rendered":"DETENIDO POR EL ROBO A UN POLIRRUBRO"},"content":{"rendered":"\n<p>La Polic\u00eda detuvo a un joven sospechado como responsable del robo cometido a un local comercial de la ciudad de Corrientes.<\/p>\n\n\n\n<figure class=\"wp-block-image size-full\"><img loading=\"lazy\" width=\"850\" height=\"951\" src=\"https:\/\/neanoticias.com\/wp-content\/uploads\/2023\/03\/1282590w850h951c.jpg.webp\" alt=\"\" class=\"wp-image-560\" srcset=\"https:\/\/neanoticias.com\/wp-content\/uploads\/2023\/03\/1282590w850h951c.jpg.webp 850w, https:\/\/neanoticias.com\/wp-content\/uploads\/2023\/03\/1282590w850h951c.jpg-268x300.webp 268w, https:\/\/neanoticias.com\/wp-content\/uploads\/2023\/03\/1282590w850h951c.jpg-768x859.webp 768w\" sizes=\"(max-width: 850px) 100vw, 850px\" \/><\/figure>\n\n\n\n<p>El presunto delincuente estaba escondido dentro de una casilla, levantada en un terreno p\u00fablico pero usurpado del barrio Colombia Granaderos.<\/p>\n\n\n\n<p>Hace algunos d\u00edas, el due\u00f1o de un polirrubro de la avenida Independencia, en el barrio Santa Teresita, denunci\u00f3 en la comisar\u00eda seccional Decimonovena la sustracci\u00f3n de mercader\u00edas exhibidas a la venta.<\/p>\n\n\n\n<p>La pesquisa correspondiente permiti\u00f3 identificar a los presuntos autores del il\u00edcito. Ser\u00edan al menos dos &#8220;limpia vidrios&#8221; que acostumbran merodear la esquina de avenidas Independencia y Chacabuco.<\/p>\n\n\n\n<p>Efectivos de la mencionada dependencia, junto a camaradas del Departamento de Distritos Policiales y Unidades Operativas (Comando), localizaron a uno de los sospechosos en calle Necochea casi Bolivia.<\/p>\n\n\n\n<p>El presunto malviviente fue identificado con el nombre de Samuel, de 22 a\u00f1os, quien ofreci\u00f3 resistencia al procedimiento antes de ser cargado a un patrullero para su traslado a la comisar\u00eda.<\/p>\n\n\n\n<p>Adem\u00e1s de la detenci\u00f3n, las autoridades recuperaron un juego de copas, un termo, una jarra, un mate y una olla.<\/p>\n","protected":false},"excerpt":{"rendered":"<p>La Polic\u00eda detuvo a un joven sospechado como responsable del robo cometido a un local&#8230;<\/p>\n","protected":false},"author":1,"featured_media":560,"comment_status":"open","ping_status":"open","sticky":false,"template":"","format":"standard","meta":[],"categories":[1],"tags":[],"_links":{"self":[{"href":"https:\/\/neanoticias.com\/index.php\/wp-json\/wp\/v2\/posts\/559"}],"collection":[{"href":"https:\/\/neanoticias.com\/index.php\/wp-json\/wp\/v2\/posts"}],"about":[{"href":"https:\/\/neanoticias.com\/index.php\/wp-json\/wp\/v2\/types\/post"}],"author":[{"embeddable":true,"href":"https:\/\/neanoticias.com\/index.php\/wp-json\/wp\/v2\/users\/1"}],"replies":[{"embeddable":true,"href":"https:\/\/neanoticias.com\/index.php\/wp-json\/wp\/v2\/comments?post=559"}],"version-history":[{"count":1,"href":"https:\/\/neanoticias.com\/index.php\/wp-json\/wp\/v2\/posts\/559\/revisions"}],"predecessor-version":[{"id":561,"href":"https:\/\/neanoticias.com\/index.php\/wp-json\/wp\/v2\/posts\/559\/revisions\/561"}],"wp:featuredmedia":[{"embeddable":true,"href":"https:\/\/neanoticias.com\/index.php\/wp-json\/wp\/v2\/media\/560"}],"wp:attachment":[{"href":"https:\/\/neanoticias.com\/index.php\/wp-json\/wp\/v2\/media?parent=559"}],"wp:term":[{"taxonomy":"category","embeddable":true,"href":"https:\/\/neanoticias.com\/index.php\/wp-json\/wp\/v2\/categories?post=559"},{"taxonomy":"post_tag","embeddable":true,"href":"https:\/\/neanoticias.com\/index.php\/wp-json\/wp\/v2\/tags?post=559"}],"curies":[{"name":"wp","href":"https:\/\/api.w.org\/{rel}","templated":true}]}}