{"id":556,"date":"2023-03-15T00:54:29","date_gmt":"2023-03-15T00:54:29","guid":{"rendered":"https:\/\/neanoticias.com\/?p=556"},"modified":"2023-03-15T00:54:29","modified_gmt":"2023-03-15T00:54:29","slug":"a-punta-de-cuchillo-robaron-moto-pero-la-abandonaron","status":"publish","type":"post","link":"https:\/\/neanoticias.com\/index.php\/2023\/03\/15\/a-punta-de-cuchillo-robaron-moto-pero-la-abandonaron\/","title":{"rendered":"A PUNTA DE CUCHILLO ROBARON MOTO PERO LA ABANDONARON"},"content":{"rendered":"\n<p>La denuncia y el accionar de efectivos evitaron que se consumara la apropiaci\u00f3n del rodado.<\/p>\n\n\n\n<figure class=\"wp-block-image size-full\"><img loading=\"lazy\" width=\"850\" height=\"491\" src=\"https:\/\/neanoticias.com\/wp-content\/uploads\/2023\/03\/1214280w850h491c.jpg.webp\" alt=\"\" class=\"wp-image-557\" srcset=\"https:\/\/neanoticias.com\/wp-content\/uploads\/2023\/03\/1214280w850h491c.jpg.webp 850w, https:\/\/neanoticias.com\/wp-content\/uploads\/2023\/03\/1214280w850h491c.jpg-300x173.webp 300w, https:\/\/neanoticias.com\/wp-content\/uploads\/2023\/03\/1214280w850h491c.jpg-768x444.webp 768w\" sizes=\"(max-width: 850px) 100vw, 850px\" \/><\/figure>\n\n\n\n<p>Una tarde de riesgos se vivi\u00f3 en la zona Sur de la capital de Corrientes. Dos sujetos armados con armas blancas, a bordo de una motocicleta, interceptaron a un muchacho que iba en otra y se la robaron. El hecho ocurri\u00f3 por calle Jos\u00e9 Hern\u00e1ndez del barrio Progreso.<\/p>\n\n\n\n<p>Tras una breve pero intensa persecuci\u00f3n por parte de los efectivos policiales, quienes fueron alertados por el joven asaltado, los delincuentes abandonaron el veh\u00edculo robado y escaparon por los callejones del sector.<\/p>\n\n\n\n<p>En horas de la tarde del viernes, por calles del barrio Progreso, dos hombres a bordo de una moto de color roja (modelo Honda Wave), atacaron a punta cuchillo a un muchacho que iba en otro veh\u00edculo similar, pero de mayor cilindrada, por calle Jos\u00e9 Hern\u00e1ndez.<\/p>\n\n\n\n<p>Con extrema violencia y no contento con amenazarlo, los asaltantes le produjeron heridas de distinta consideraci\u00f3n al joven asaltado y se llevaron la motocicleta (una Yamaha YBR 125 cent\u00edmetros c\u00fabicos de color negra).<\/p>\n\n\n\n<p>La v\u00edctima logr\u00f3 hacer la denuncia y de inmediato, dos m\u00f3viles policiales dependientes del destacamento San Marcos, ubicado en el coraz\u00f3n de ese amplio conglomerado urbano, participaron del operativo cerrojo dispuesto por las autoridades de la dependencia para buscar y dar con el paradero de ambos delincuentes y, tras una intensa b\u00fasqueda en la zona pudieron identificar a dos personas con caracter\u00edsticas similares a lo que hab\u00eda aportado el damnificado.<\/p>\n\n\n\n<p>Tras seguir a los delincuentes por varias calles del barrio, estos se vieron acorralados y se vieron obligados a abandonar la Yamaha al costado de una cuneta y prosiguieron la huida.<\/p>\n","protected":false},"excerpt":{"rendered":"<p>La denuncia y el accionar de efectivos evitaron que se consumara la apropiaci\u00f3n del rodado&#8230;.<\/p>\n","protected":false},"author":1,"featured_media":557,"comment_status":"open","ping_status":"open","sticky":false,"template":"","format":"standard","meta":[],"categories":[1],"tags":[],"_links":{"self":[{"href":"https:\/\/neanoticias.com\/index.php\/wp-json\/wp\/v2\/posts\/556"}],"collection":[{"href":"https:\/\/neanoticias.com\/index.php\/wp-json\/wp\/v2\/posts"}],"about":[{"href":"https:\/\/neanoticias.com\/index.php\/wp-json\/wp\/v2\/types\/post"}],"author":[{"embeddable":true,"href":"https:\/\/neanoticias.com\/index.php\/wp-json\/wp\/v2\/users\/1"}],"replies":[{"embeddable":true,"href":"https:\/\/neanoticias.com\/index.php\/wp-json\/wp\/v2\/comments?post=556"}],"version-history":[{"count":1,"href":"https:\/\/neanoticias.com\/index.php\/wp-json\/wp\/v2\/posts\/556\/revisions"}],"predecessor-version":[{"id":558,"href":"https:\/\/neanoticias.com\/index.php\/wp-json\/wp\/v2\/posts\/556\/revisions\/558"}],"wp:featuredmedia":[{"embeddable":true,"href":"https:\/\/neanoticias.com\/index.php\/wp-json\/wp\/v2\/media\/557"}],"wp:attachment":[{"href":"https:\/\/neanoticias.com\/index.php\/wp-json\/wp\/v2\/media?parent=556"}],"wp:term":[{"taxonomy":"category","embeddable":true,"href":"https:\/\/neanoticias.com\/index.php\/wp-json\/wp\/v2\/categories?post=556"},{"taxonomy":"post_tag","embeddable":true,"href":"https:\/\/neanoticias.com\/index.php\/wp-json\/wp\/v2\/tags?post=556"}],"curies":[{"name":"wp","href":"https:\/\/api.w.org\/{rel}","templated":true}]}}