{"id":534,"date":"2023-03-06T14:01:22","date_gmt":"2023-03-06T14:01:22","guid":{"rendered":"https:\/\/neanoticias.com\/?p=534"},"modified":"2023-03-06T14:01:22","modified_gmt":"2023-03-06T14:01:22","slug":"llega-a-juicio-prefecto-narco-que-montaba-decomisos-truchos","status":"publish","type":"post","link":"https:\/\/neanoticias.com\/index.php\/2023\/03\/06\/llega-a-juicio-prefecto-narco-que-montaba-decomisos-truchos\/","title":{"rendered":"LLEGA A JUICIO PREFECTO NARCO QUE MONTABA DECOMISOS &#8220;TRUCHOS&#8221;"},"content":{"rendered":"\n<p>Hab\u00eda montado un decomiso en pleno r\u00edo Paran\u00e1, con un falso tiroteo que capt\u00f3 la atenci\u00f3n de autoridades nacionales. La Gendarmer\u00eda desenmascar\u00f3 su modus operandis y la Justicia federal orden\u00f3 su detenci\u00f3n. Llega a juicio con un c\u00f3mplice.<\/p>\n\n\n\n<figure class=\"wp-block-image size-full\"><img loading=\"lazy\" width=\"850\" height=\"663\" src=\"https:\/\/neanoticias.com\/wp-content\/uploads\/2023\/03\/1284383w850h663c.jpg.webp\" alt=\"\" class=\"wp-image-535\" srcset=\"https:\/\/neanoticias.com\/wp-content\/uploads\/2023\/03\/1284383w850h663c.jpg.webp 850w, https:\/\/neanoticias.com\/wp-content\/uploads\/2023\/03\/1284383w850h663c.jpg-300x234.webp 300w, https:\/\/neanoticias.com\/wp-content\/uploads\/2023\/03\/1284383w850h663c.jpg-768x599.webp 768w\" sizes=\"(max-width: 850px) 100vw, 850px\" \/><\/figure>\n\n\n\n<p>El exoficial de la Prefectura Naval Argentina, quien se desempe\u00f1aba como Jefe de Operaciones de Frontera de la fuerza y Jefe de la Delegaci\u00f3n It\u00e1 Ibat\u00e9, llega a juicio acusado de organizar redadas &#8220;truchas&#8221; de decomisos de grandes cantidades de estupefaciente a trav\u00e9s del r\u00edo Paran\u00e1. El acusado est\u00e1 cumpliendo prisi\u00f3n preventiva en Santiago del Estero y el debate inicia este martes en la capital correntina.<\/p>\n\n\n\n<p>Se trata de Ra\u00fal Gast\u00f3n Fontana (42), quien se desempe\u00f1aba como oficial en una de las \u00e1reas de relevancia en la fuerza, que tambi\u00e9n alcanz\u00f3 el cargo de jefe de la PNA de la localidad de It\u00e1 Ibat\u00e9 y que llega a juicio con An\u00edbal Vicente Torres (39), considerado su c\u00f3mplice y que ya ten\u00eda antecedentes por narcotr\u00e1fico.<\/p>\n\n\n\n<p>Fuentes judiciales indicaron que Fontana, quien cumple prisi\u00f3n preventiva en Santiago del Estero desde el 30 de octubre de 2021, lleg\u00f3 imputado como supuesto autor del contrabando de drogas en calidad de organizador, agravado por ser parte de una fuerza de seguridad federal.<\/p>\n\n\n\n<p>Seg\u00fan el expediente a cargo del fiscal federal Flavio Ferrini, presentado ante el juzgado Federal N\u00b01 de la capital correntina, Torres fue acusado como part\u00edcipe necesario del tr\u00e1fico de estupefacientes.<\/p>\n\n\n\n<h2>La investigaci\u00f3n<\/h2>\n\n\n\n<p>Los ins\u00f3litos y sorpresivos decomisos de Fontana comenzaron a levantar sospechas en la Justicia federal, luego de algunos informes elevados por Gendarmer\u00eda nacional sobre sus &#8220;procedimientos&#8221;. En septiembre de 2020, en una zona de ribera sobre el r\u00edo Paran\u00e1 cerca de Yahap\u00e9, estos \u00faltimos hab\u00edan detectado operaciones de traslado de estupefacientes. Fontana hab\u00eda dejado su &#8220;exitosa&#8221; jefatura en It\u00e1 Ibat\u00e9, con decomisos r\u00e9cord en la zona, que atrajo la atenci\u00f3n de la por entonces ministra de seguridad de la Naci\u00f3n, Sabrina Frederic, tras un procedimiento donde los hombres bajo el mando de Fontana hab\u00edan decomisado casi una tonelada de marihuana, tras tirotearse con una banda narco. Algo que jam\u00e1s habr\u00eda sucedido. Mucho menos como lo hab\u00eda informado el propio prefecto.<\/p>\n\n\n\n<p>Meses m\u00e1s tarde, Fontana pas\u00f3 a desempe\u00f1ar funciones como jefe de Operaciones de Frontera de la PNA en la capital correntina y su vinculaci\u00f3n con la banda qued\u00f3 registrada en intervenciones telef\u00f3nicas. La organizaci\u00f3n criminal de la que formaba parte Torres era la encargada de mover el cargamento de droga que llegaba desde el Paraguay a nuestro territorio, y de obtener los datos de los futuros env\u00edos, para luego realizar las entregas a los compradores locales.<\/p>\n\n\n\n<p>De acuerdo a la causa, este acusado &#8220;suministraba informaci\u00f3n precisa para que los funcionarios de Prefectura realicen la incautaci\u00f3n del estupefaciente y la detenci\u00f3n del comprador&#8221;. As\u00ed, Fontana se quedaba con parte del material y luego hac\u00eda los decomisos y deten\u00eda a los involucrados.<\/p>\n\n\n\n<p>Las audiencias en el tribunal federal est\u00e1n fijadas para el 7 y 8 de marzo.<\/p>\n","protected":false},"excerpt":{"rendered":"<p>Hab\u00eda montado un decomiso en pleno r\u00edo Paran\u00e1, con un falso tiroteo que capt\u00f3 la&#8230;<\/p>\n","protected":false},"author":1,"featured_media":535,"comment_status":"open","ping_status":"open","sticky":false,"template":"","format":"standard","meta":[],"categories":[1],"tags":[],"_links":{"self":[{"href":"https:\/\/neanoticias.com\/index.php\/wp-json\/wp\/v2\/posts\/534"}],"collection":[{"href":"https:\/\/neanoticias.com\/index.php\/wp-json\/wp\/v2\/posts"}],"about":[{"href":"https:\/\/neanoticias.com\/index.php\/wp-json\/wp\/v2\/types\/post"}],"author":[{"embeddable":true,"href":"https:\/\/neanoticias.com\/index.php\/wp-json\/wp\/v2\/users\/1"}],"replies":[{"embeddable":true,"href":"https:\/\/neanoticias.com\/index.php\/wp-json\/wp\/v2\/comments?post=534"}],"version-history":[{"count":1,"href":"https:\/\/neanoticias.com\/index.php\/wp-json\/wp\/v2\/posts\/534\/revisions"}],"predecessor-version":[{"id":536,"href":"https:\/\/neanoticias.com\/index.php\/wp-json\/wp\/v2\/posts\/534\/revisions\/536"}],"wp:featuredmedia":[{"embeddable":true,"href":"https:\/\/neanoticias.com\/index.php\/wp-json\/wp\/v2\/media\/535"}],"wp:attachment":[{"href":"https:\/\/neanoticias.com\/index.php\/wp-json\/wp\/v2\/media?parent=534"}],"wp:term":[{"taxonomy":"category","embeddable":true,"href":"https:\/\/neanoticias.com\/index.php\/wp-json\/wp\/v2\/categories?post=534"},{"taxonomy":"post_tag","embeddable":true,"href":"https:\/\/neanoticias.com\/index.php\/wp-json\/wp\/v2\/tags?post=534"}],"curies":[{"name":"wp","href":"https:\/\/api.w.org\/{rel}","templated":true}]}}