{"id":509,"date":"2023-02-27T14:15:14","date_gmt":"2023-02-27T14:15:14","guid":{"rendered":"https:\/\/neanoticias.com\/?p=509"},"modified":"2023-02-27T14:15:15","modified_gmt":"2023-02-27T14:15:15","slug":"armados-con-cuchillo-y-un-palo-asaltaron-a-empleada-de-comercio","status":"publish","type":"post","link":"https:\/\/neanoticias.com\/index.php\/2023\/02\/27\/armados-con-cuchillo-y-un-palo-asaltaron-a-empleada-de-comercio\/","title":{"rendered":"ARMADOS CON CUCHILLO Y UN PALO ASALTARON A EMPLEADA DE COMERCIO"},"content":{"rendered":"\n<p>Dos hombres amenazaron a la mujer cuando cerraba una helader\u00eda. La v\u00edctima forceje\u00f3, grit\u00f3 pidiendo ayuda y vecinos persiguieron a los delincuentes. Uno de ellos fue atrapado en medio de una golpiza. El c\u00f3mplice escap\u00f3.<\/p>\n\n\n\n<figure class=\"wp-block-image size-full\"><img loading=\"lazy\" width=\"850\" height=\"640\" src=\"https:\/\/neanoticias.com\/wp-content\/uploads\/2023\/02\/1283229w850h640c.jpg.webp\" alt=\"\" class=\"wp-image-510\" srcset=\"https:\/\/neanoticias.com\/wp-content\/uploads\/2023\/02\/1283229w850h640c.jpg.webp 850w, https:\/\/neanoticias.com\/wp-content\/uploads\/2023\/02\/1283229w850h640c.jpg-300x226.webp 300w, https:\/\/neanoticias.com\/wp-content\/uploads\/2023\/02\/1283229w850h640c.jpg-768x578.webp 768w\" sizes=\"(max-width: 850px) 100vw, 850px\" \/><\/figure>\n\n\n\n<p>Dos delincuentes asaltaron a la encargada de una helader\u00eda de la zona Sur de la ciudad de Corrientes, a quien amenazaron a punta de cuchillo y exhibiendo un palo.<\/p>\n\n\n\n<p>La v\u00edctima forceje\u00f3 con los ladrones, grit\u00f3 para pedir auxilio y entre varios vecinos desbarataron el intento de robo.<\/p>\n\n\n\n<p>Uno de los malhechores fue reducido en medio de una golpiza. Su c\u00f3mplice, en tanto, logr\u00f3 darse a la fuga.<\/p>\n\n\n\n<p>Informaci\u00f3n recopilada por diario \u00e9poca, indica que el atraco se produjo ayer, alrededor de la 1, en la intersecci\u00f3n de avenida Garay y calle Z\u00e1rate del barrio Juan de Vera.<\/p>\n\n\n\n<p>Polic\u00edas de la comisar\u00eda seccional Duod\u00e9cima acudieron en forma inmediata, apenas recibieron los llamados alertando de la situaci\u00f3n.<\/p>\n\n\n\n<p>En el escenario de los hechos apresaron a la persona identificada como David de Jes\u00fas R., alias &#8220;Pajarito&#8221;.<\/p>\n\n\n\n<p>Tal sujeto manipulaba un cuchillo tipo &#8220;tumbero&#8221;, con el cabo envuelto con retazos de tela y la hoja de acero herrumbrada.<\/p>\n\n\n\n<p>La encargada de turno en el local comercial &#8220;V\u00eda Bana&#8221; hab\u00eda cumplido con el horario de trabajo y estaba dispuesta a regresar a su vivienda.<\/p>\n\n\n\n<p>En el momento en que cerraba la puerta del negocio not\u00f3 que dos hombres llegaron desde atr\u00e1s.<\/p>\n\n\n\n<p>Alias &#8220;Pajarito&#8221; fue quien a punta de arma blanca pretendi\u00f3 despojarla del bolso que conten\u00eda diversos objetos y dinero. Mientras ese sujeto amenazaba con apu\u00f1alarla, su c\u00f3mplice oficiaba de &#8220;campana&#8221; a un par de metros.<\/p>\n\n\n\n<p>Pese a la situaci\u00f3n dram\u00e1tica, la mujer decidi\u00f3 resistirse al robo. Hubo un forcejeo durante el cual grit\u00f3 para pedir ayuda.<\/p>\n\n\n\n<p>Otras personas que estaban en las inmediaciones corrieron hacia el lugar. Ante ello, ambos asaltantes comenzaron a fugarse en distintas direcciones.<\/p>\n\n\n\n<p>Sin embargo, &#8220;Pajarito&#8221; no fue demasiado lejos porque fue interceptado, arrojado al suelo y sometido a una golpiza.<\/p>\n\n\n\n<p>El restante malviviente corri\u00f3 en direcci\u00f3n a un asentamiento ubicado en el barrio Quilmes.<\/p>\n","protected":false},"excerpt":{"rendered":"<p>Dos hombres amenazaron a la mujer cuando cerraba una helader\u00eda. La v\u00edctima forceje\u00f3, grit\u00f3 pidiendo&#8230;<\/p>\n","protected":false},"author":1,"featured_media":510,"comment_status":"open","ping_status":"open","sticky":false,"template":"","format":"standard","meta":[],"categories":[1],"tags":[],"_links":{"self":[{"href":"https:\/\/neanoticias.com\/index.php\/wp-json\/wp\/v2\/posts\/509"}],"collection":[{"href":"https:\/\/neanoticias.com\/index.php\/wp-json\/wp\/v2\/posts"}],"about":[{"href":"https:\/\/neanoticias.com\/index.php\/wp-json\/wp\/v2\/types\/post"}],"author":[{"embeddable":true,"href":"https:\/\/neanoticias.com\/index.php\/wp-json\/wp\/v2\/users\/1"}],"replies":[{"embeddable":true,"href":"https:\/\/neanoticias.com\/index.php\/wp-json\/wp\/v2\/comments?post=509"}],"version-history":[{"count":1,"href":"https:\/\/neanoticias.com\/index.php\/wp-json\/wp\/v2\/posts\/509\/revisions"}],"predecessor-version":[{"id":511,"href":"https:\/\/neanoticias.com\/index.php\/wp-json\/wp\/v2\/posts\/509\/revisions\/511"}],"wp:featuredmedia":[{"embeddable":true,"href":"https:\/\/neanoticias.com\/index.php\/wp-json\/wp\/v2\/media\/510"}],"wp:attachment":[{"href":"https:\/\/neanoticias.com\/index.php\/wp-json\/wp\/v2\/media?parent=509"}],"wp:term":[{"taxonomy":"category","embeddable":true,"href":"https:\/\/neanoticias.com\/index.php\/wp-json\/wp\/v2\/categories?post=509"},{"taxonomy":"post_tag","embeddable":true,"href":"https:\/\/neanoticias.com\/index.php\/wp-json\/wp\/v2\/tags?post=509"}],"curies":[{"name":"wp","href":"https:\/\/api.w.org\/{rel}","templated":true}]}}