{"id":506,"date":"2023-02-27T14:08:41","date_gmt":"2023-02-27T14:08:41","guid":{"rendered":"https:\/\/neanoticias.com\/?p=506"},"modified":"2023-02-27T14:08:42","modified_gmt":"2023-02-27T14:08:42","slug":"villa-olivari-ardieron-tres-forestaciones-en-un-mismo-dia","status":"publish","type":"post","link":"https:\/\/neanoticias.com\/index.php\/2023\/02\/27\/villa-olivari-ardieron-tres-forestaciones-en-un-mismo-dia\/","title":{"rendered":"VILLA OLIVARI: ARDIERON TRES FORESTACIONES EN UN MISMO D\u00cdA"},"content":{"rendered":"\n<p>No descartan intencionalidad en tres siniestros iniciados en plantaciones de pinos y eucaliptos casi al mismo tiempo. Hasta ayer a la noche, se sofocaron dos focos y se manten\u00eda uno cerca del Parque Industrial de Ituzaing\u00f3.<\/p>\n\n\n\n<figure class=\"wp-block-image size-full\"><img loading=\"lazy\" width=\"850\" height=\"633\" src=\"https:\/\/neanoticias.com\/wp-content\/uploads\/2023\/02\/1283246w850h633c.jpg.webp\" alt=\"\" class=\"wp-image-507\" srcset=\"https:\/\/neanoticias.com\/wp-content\/uploads\/2023\/02\/1283246w850h633c.jpg.webp 850w, https:\/\/neanoticias.com\/wp-content\/uploads\/2023\/02\/1283246w850h633c.jpg-300x223.webp 300w, https:\/\/neanoticias.com\/wp-content\/uploads\/2023\/02\/1283246w850h633c.jpg-768x572.webp 768w\" sizes=\"(max-width: 850px) 100vw, 850px\" \/><\/figure>\n\n\n\n<p>El fuego no da tregua y ayer tres siniestros afectaron al mismo tiempo a plantaciones forestales en Villa Olivari.<\/p>\n\n\n\n<p>El director de Defensa Civil de la Provincia, Eulogio M\u00e1rquez, inform\u00f3 que ayer se produjeron tres focos en tres forestestaciones distintas en la zona de Villa Olivari, a 26 kil\u00f3metros de Ituzaing\u00f3, en el Nordeste de la provincia. &#8220;Es una situaci\u00f3n que nos llama la atenci\u00f3n&#8221;, declar\u00f3.<\/p>\n\n\n\n<p>M\u00e1rquez detall\u00f3 que los incendios comenzaron en horas de la siesta en plantaciones de pinos y eucaliptos que se encuentran a corta distancia entre s\u00ed. &#8220;Debemos esperar los resultados de los peritajes para establecer c\u00f3mo se originaron&#8221;, respondi\u00f3 ante la consulta sobre la &#8220;coincidencia&#8221; en tiempo y espacio de los siniestros.<\/p>\n\n\n\n<p>Por su parte, el intendente de Villa Olivari, Alberto Yavorski, inform\u00f3, que dos focos ya hab\u00edan sido controlados por bomberos de la localidad, Ituzaing\u00f3 y brigadistas de la Polic\u00eda de Corrientes.<\/p>\n\n\n\n<p>Desde el Cuartel de Bomberos Voluntarios de Villa Olivari precisaron a \u00e9poca que hasta ayer a la noche s\u00f3lo se manten\u00eda uno cerca de la vera de la Ruta Nacional N\u00ba12, a la altura del kil\u00f3metro 1.238. &#8220;El fuego afecta a un campo conocido como Sangar\u00e1 y el temor es que llegue al parque Industrial de Ituzaing\u00f3&#8221;, comentaron desde el cuartel. Y sobre las causas dijeron que se sospechaba de un cable de alta tensi\u00f3n que habr\u00eda arrojado &#8220;chispas&#8221;.<\/p>\n\n\n\n<p>Otros focos de incendio se manten\u00edan en la zona del Esteros del Batel (Concepci\u00f3n) y la zona de San Miguel, ambos en lugares de dif\u00edcil acceso para los equipamientos de bomberos y brigadistas. El Ministerio de Ambiente y Desarrollo Sostenible inform\u00f3 que 30 brigadistas de Naci\u00f3n trabajan en los focos que afectan el Parque Nacional Iber\u00e1<\/p>\n\n\n\n<h2>Perspectiva clim\u00e1tica<\/h2>\n\n\n\n<p>Desde Defensa Civil prev\u00e9n lluvias por debajo del promedio normal para el pr\u00f3ximo mes, por lo que los &#8220;\u00edndices de riesgo de incendios&#8221; se mantendr\u00edan altos.<\/p>\n\n\n\n<p>&#8220;En la zona tenemos un d\u00e9ficit de precipitaciones de 1.500 mil\u00edmetros respecto a un a\u00f1o&#8221;, ilustr\u00f3 por su lado el Intendente de Olivari. A la vez que asegur\u00f3 que la falta de agua en los campos est\u00e1 llegando a &#8220;niveles cr\u00edticos&#8221;.<\/p>\n","protected":false},"excerpt":{"rendered":"<p>No descartan intencionalidad en tres siniestros iniciados en plantaciones de pinos y eucaliptos casi al&#8230;<\/p>\n","protected":false},"author":1,"featured_media":507,"comment_status":"open","ping_status":"open","sticky":false,"template":"","format":"standard","meta":[],"categories":[1],"tags":[],"_links":{"self":[{"href":"https:\/\/neanoticias.com\/index.php\/wp-json\/wp\/v2\/posts\/506"}],"collection":[{"href":"https:\/\/neanoticias.com\/index.php\/wp-json\/wp\/v2\/posts"}],"about":[{"href":"https:\/\/neanoticias.com\/index.php\/wp-json\/wp\/v2\/types\/post"}],"author":[{"embeddable":true,"href":"https:\/\/neanoticias.com\/index.php\/wp-json\/wp\/v2\/users\/1"}],"replies":[{"embeddable":true,"href":"https:\/\/neanoticias.com\/index.php\/wp-json\/wp\/v2\/comments?post=506"}],"version-history":[{"count":1,"href":"https:\/\/neanoticias.com\/index.php\/wp-json\/wp\/v2\/posts\/506\/revisions"}],"predecessor-version":[{"id":508,"href":"https:\/\/neanoticias.com\/index.php\/wp-json\/wp\/v2\/posts\/506\/revisions\/508"}],"wp:featuredmedia":[{"embeddable":true,"href":"https:\/\/neanoticias.com\/index.php\/wp-json\/wp\/v2\/media\/507"}],"wp:attachment":[{"href":"https:\/\/neanoticias.com\/index.php\/wp-json\/wp\/v2\/media?parent=506"}],"wp:term":[{"taxonomy":"category","embeddable":true,"href":"https:\/\/neanoticias.com\/index.php\/wp-json\/wp\/v2\/categories?post=506"},{"taxonomy":"post_tag","embeddable":true,"href":"https:\/\/neanoticias.com\/index.php\/wp-json\/wp\/v2\/tags?post=506"}],"curies":[{"name":"wp","href":"https:\/\/api.w.org\/{rel}","templated":true}]}}