{"id":502,"date":"2023-02-08T10:57:31","date_gmt":"2023-02-08T10:57:31","guid":{"rendered":"https:\/\/neanoticias.com\/?p=502"},"modified":"2023-02-08T10:57:32","modified_gmt":"2023-02-08T10:57:32","slug":"situacion-critica-en-corrientes-31-000-hectareas-afectadas-y-el-ibera-arde-hace-50-dias","status":"publish","type":"post","link":"https:\/\/neanoticias.com\/index.php\/2023\/02\/08\/situacion-critica-en-corrientes-31-000-hectareas-afectadas-y-el-ibera-arde-hace-50-dias\/","title":{"rendered":"SITUACI\u00d3N CR\u00cdTICA EN CORRIENTES: 31.000 HECT\u00c1REAS AFECTADAS Y EL IBER\u00c1 ARDE HACE 50 D\u00cdAS"},"content":{"rendered":"\n<p>De acuerdo con el informe, en enero se registraron 641 focos de calor en la provincia.\u00a0\u00a0<\/p>\n\n\n\n<figure class=\"wp-block-image size-full\"><img loading=\"lazy\" width=\"770\" height=\"440\" src=\"https:\/\/neanoticias.com\/wp-content\/uploads\/2023\/02\/1675830297188.webp\" alt=\"\" class=\"wp-image-503\" srcset=\"https:\/\/neanoticias.com\/wp-content\/uploads\/2023\/02\/1675830297188.webp 770w, https:\/\/neanoticias.com\/wp-content\/uploads\/2023\/02\/1675830297188-300x171.webp 300w, https:\/\/neanoticias.com\/wp-content\/uploads\/2023\/02\/1675830297188-768x439.webp 768w\" sizes=\"(max-width: 770px) 100vw, 770px\" \/><\/figure>\n\n\n\n<p>El Comando de Operaciones de Emergencias (COE) de Corrientes declar\u00f3 ayer en estado \u201ccr\u00edtico\u201d la situaci\u00f3n desatada por los incendios que afectan con especial intensidad en los Esteros del Iber\u00e1 y a diversos sectores de la provincia, que desde diciembre hasta la fecha sufri\u00f3 el efecto de las llamas en 31.000 hect\u00e1reas. &nbsp;En tante, el Iber\u00e1 &nbsp;arde hace 50 d\u00edas y las autoridades se\u00f1alan que \u201clas p\u00e9rdidas son incalculables.&nbsp;<\/p>\n\n\n\n<p>En di\u00e1logo con&nbsp;El Litoral, el ingeniero agr\u00f3nomo e integrante del Inta, Ditmar Kurtz, expres\u00f3: \u201cEste a\u00f1o&nbsp;&nbsp;tenemos mucho menos focos de calor y la superficie quemada&nbsp;&nbsp;en la provincia. El a\u00f1o pasado, en el primer trimestre se quemaron casi un&nbsp;&nbsp;12% de la superficie provincial, despu\u00e9s de eso en marzo y abril se vinieron las lluvias y disminuy\u00f3 la cantidad de focos de calor y la cantidad de superficie afectada\u201d, explic\u00f3.&nbsp;<\/p>\n\n\n\n<p>Adem\u00e1s, destac\u00f3 que entre los meses que terminaron los incendios del primer trimestre y noviembre de 2022, se registraron aproximadamente&nbsp;&nbsp;52.300 hect\u00e1reas quemadas. &nbsp;En enero de 2022 se hab\u00edan quemado cerca de&nbsp;&nbsp;335.000 hect\u00e1reas y este a\u00f1o durante el mismo mes se quemaron&nbsp;&nbsp;27.882 hect\u00e1reas en zonas de humedales.&nbsp;<\/p>\n\n\n\n<p>En cuanto a la primera semana de febrero de este a\u00f1o, se registraron 234 focos de calor. \u201cTodav\u00eda no hicimos el c\u00e1lculo de la superficie afectada en febrero, pero estamos esperando im\u00e1genes. La mayor\u00eda de los&nbsp;&nbsp;focos de incendios se registraron en zona de humedales que est\u00e1n secos,&nbsp;&nbsp;estamos pasando por etapas de muy escasas precipitaciones y lo que se est\u00e1 quemando principalmente se quema en zona de humedales\u201d, expres\u00f3 Kurtz.https:\/\/087db34e98fdaff44787b1127faa5485.safeframe.googlesyndication.com\/safeframe\/1-0-40\/html\/container.html?n=0<\/p>\n\n\n\n<p>Los humedales en&nbsp;Concepci\u00f3n, Esquina, Sauce, Mercedes, son la parte de Esteros&nbsp;que se est\u00e1n prendiendo fuego y es dif\u00edcil el control por el acceso. &nbsp;<\/p>\n\n\n\n<p>\u201cSon sitios y hay algo de biomasa para quemar, en los pastizales pr\u00e1cticamente es muy poca la biomasa para que se desarrollen los incendios\u201d, destac\u00f3 el ingeniero.<\/p>\n\n\n\n<p>Por otro lado, respecto a cu\u00e1l es la situaci\u00f3n para este a\u00f1o, el ingeniero Kurtz expres\u00f3:&nbsp;\u201cEntiendo que ahora hay menos biomasa en los pastizales porque el a\u00f1o vino relativamente complicado en cuanto a precipitaciones. Depende de la zona, hay lugares que llovi\u00f3 un 30% menos y venimos de tres a\u00f1os de sequ\u00eda.<\/p>\n\n\n\n<p>Desde el punto de vista productivo y ambiental es dif\u00edcil que se revierta a corto plazo la situaci\u00f3n porque venimos con un d\u00e9ficit important\u00edsimo de agua en toda la provincia\u201d, manifest\u00f3.\u00a0<\/p>\n\n\n\n<p>Tambi\u00e9n&nbsp;dijo que:&nbsp;\u201cEstamos en niveles hist\u00f3ricos muy bajos de superficie cubierta con agua&nbsp;&nbsp;en la provincia, as\u00ed que en general creo que se vienen meses duros porque los \u00edndices ganaderos van a estar complicados por el poco crecimiento de los pastos, escasez&nbsp;de agua\u201d.<\/p>\n\n\n\n<p>Sobre lo que se espera, el profesional se\u00f1al\u00f3 que: \u201cLos pron\u00f3sticos sin bien indican que se van a empezar a normalizar las precipitaciones, los niveles que se esperan no son s\u00faper abundantes como para recuperar las situaciones normales en la provincia, eso va a demorar un cierto tiempo\u201d.&nbsp;<\/p>\n\n\n\n<p>Incendios activos<\/p>\n\n\n\n<p>Sobre el foco \u00edgneo activo en el Iber\u00e1, Marisi L\u00f3pez, &nbsp;coordinadora Proyecto Iber\u00e1, coment\u00f3 que las llamas empeoraron en las \u00faltimas horas. \u201cEl fuego estaba del otro lado del arroyo Carambola, pero est\u00e1 tan seco que los cuerpos de agua casi no est\u00e1n.&nbsp;Las llamas cruzaron, llegaron el camping Carambolita y arras\u00f3 con una pasarela, amenaz\u00f3 zonas pobladas como la casa de los guardaparques\u201d, sostuvo en radio Dos.&nbsp;<\/p>\n\n\n\n<p>Indic\u00f3 que todos los trabajadores del Parque est\u00e1n abocados al combate contra el fuego, con el apoyo de bomberos, brigadistas de parques nacionales y provinciales. Carlos Zalazar, Jefe de Bomberos de Concepci\u00f3n, en tanto, sostuvo: \u201cNo hay forma de pararle, el \u00a0\u00fanico que puede parar es una lluvia pero no hay pron\u00f3stico. Hay una mucha gente trabajando pero en el estero es imposible apagar\u201d, mencion\u00f3.\u00a0<\/p>\n\n\n\n<p>El Comando Operativo de Emergencias (COE) de la provincia de Corrientes inform\u00f3 ayer que, en las \u00faltimas horas, se registraron 12 focos de incendios en la provincia.<\/p>\n\n\n\n<p>Desde el Comando indicaron que los focos&nbsp;se encuentran en: Concepci\u00f3n, San Luis del Palmar, Palmar Grande, Mburucuy\u00e1, San Miguel, Villa Olivari, Santa Rosa, Tatacu\u00e1, Santo Tom\u00e9, Alvear, La Cruz y Sauce.<\/p>\n","protected":false},"excerpt":{"rendered":"<p>De acuerdo con el informe, en enero se registraron 641 focos de calor en la&#8230;<\/p>\n","protected":false},"author":1,"featured_media":503,"comment_status":"open","ping_status":"open","sticky":false,"template":"","format":"standard","meta":[],"categories":[1],"tags":[],"_links":{"self":[{"href":"https:\/\/neanoticias.com\/index.php\/wp-json\/wp\/v2\/posts\/502"}],"collection":[{"href":"https:\/\/neanoticias.com\/index.php\/wp-json\/wp\/v2\/posts"}],"about":[{"href":"https:\/\/neanoticias.com\/index.php\/wp-json\/wp\/v2\/types\/post"}],"author":[{"embeddable":true,"href":"https:\/\/neanoticias.com\/index.php\/wp-json\/wp\/v2\/users\/1"}],"replies":[{"embeddable":true,"href":"https:\/\/neanoticias.com\/index.php\/wp-json\/wp\/v2\/comments?post=502"}],"version-history":[{"count":1,"href":"https:\/\/neanoticias.com\/index.php\/wp-json\/wp\/v2\/posts\/502\/revisions"}],"predecessor-version":[{"id":504,"href":"https:\/\/neanoticias.com\/index.php\/wp-json\/wp\/v2\/posts\/502\/revisions\/504"}],"wp:featuredmedia":[{"embeddable":true,"href":"https:\/\/neanoticias.com\/index.php\/wp-json\/wp\/v2\/media\/503"}],"wp:attachment":[{"href":"https:\/\/neanoticias.com\/index.php\/wp-json\/wp\/v2\/media?parent=502"}],"wp:term":[{"taxonomy":"category","embeddable":true,"href":"https:\/\/neanoticias.com\/index.php\/wp-json\/wp\/v2\/categories?post=502"},{"taxonomy":"post_tag","embeddable":true,"href":"https:\/\/neanoticias.com\/index.php\/wp-json\/wp\/v2\/tags?post=502"}],"curies":[{"name":"wp","href":"https:\/\/api.w.org\/{rel}","templated":true}]}}