{"id":499,"date":"2023-02-08T10:55:23","date_gmt":"2023-02-08T10:55:23","guid":{"rendered":"https:\/\/neanoticias.com\/?p=499"},"modified":"2023-02-08T10:55:24","modified_gmt":"2023-02-08T10:55:24","slug":"detenido-en-el-paso-por-varios-robos","status":"publish","type":"post","link":"https:\/\/neanoticias.com\/index.php\/2023\/02\/08\/detenido-en-el-paso-por-varios-robos\/","title":{"rendered":"DETENIDO EN &#8220;EL PASO&#8221; POR VARIOS ROBOS"},"content":{"rendered":"\n<p>Personal de la comisar\u00eda de distrito, en colaboraci\u00f3n con la Unidad Fiscal en turno, investigaron dos hechos delictivos perpetrados en esa localidad.<\/p>\n\n\n\n<figure class=\"wp-block-image size-large\"><img loading=\"lazy\" width=\"614\" height=\"1024\" src=\"https:\/\/neanoticias.com\/wp-content\/uploads\/2023\/02\/1279724w850h1417c.jpg-614x1024.webp\" alt=\"\" class=\"wp-image-500\" srcset=\"https:\/\/neanoticias.com\/wp-content\/uploads\/2023\/02\/1279724w850h1417c.jpg-614x1024.webp 614w, https:\/\/neanoticias.com\/wp-content\/uploads\/2023\/02\/1279724w850h1417c.jpg-180x300.webp 180w, https:\/\/neanoticias.com\/wp-content\/uploads\/2023\/02\/1279724w850h1417c.jpg-768x1280.webp 768w, https:\/\/neanoticias.com\/wp-content\/uploads\/2023\/02\/1279724w850h1417c.jpg.webp 850w\" sizes=\"(max-width: 614px) 100vw, 614px\" \/><\/figure>\n\n\n\n<p>Un sujeto que es investigado por presuntos robos fue detenido cuando intentaba abandonar Paso de la Patria con el bot\u00edn obtenido.&nbsp; Tras analizar im\u00e1genes de c\u00e1maras de seguridad se logr\u00f3 identificar al presunto ladr\u00f3n.<\/p>\n\n\n\n<p>Un procedimiento de control caminero permiti\u00f3 detener al sujeto que viajaba en un colectivo con otros pasajeros. Intent\u00f3 huir pero fue alcanzado a los pocos metros con dinero y otros bienes denunciados como robados.<\/p>\n\n\n\n<p>El sujeto y lo decomisado fueron puestos a disposici\u00f3n de la autoridad fiscal en turno, siendo trasladado a la citada dependencia policial a fin de proseguir con los tr\u00e1mites del caso.<\/p>\n","protected":false},"excerpt":{"rendered":"<p>Personal de la comisar\u00eda de distrito, en colaboraci\u00f3n con la Unidad Fiscal en turno, investigaron&#8230;<\/p>\n","protected":false},"author":1,"featured_media":500,"comment_status":"open","ping_status":"open","sticky":false,"template":"","format":"standard","meta":[],"categories":[1],"tags":[],"_links":{"self":[{"href":"https:\/\/neanoticias.com\/index.php\/wp-json\/wp\/v2\/posts\/499"}],"collection":[{"href":"https:\/\/neanoticias.com\/index.php\/wp-json\/wp\/v2\/posts"}],"about":[{"href":"https:\/\/neanoticias.com\/index.php\/wp-json\/wp\/v2\/types\/post"}],"author":[{"embeddable":true,"href":"https:\/\/neanoticias.com\/index.php\/wp-json\/wp\/v2\/users\/1"}],"replies":[{"embeddable":true,"href":"https:\/\/neanoticias.com\/index.php\/wp-json\/wp\/v2\/comments?post=499"}],"version-history":[{"count":1,"href":"https:\/\/neanoticias.com\/index.php\/wp-json\/wp\/v2\/posts\/499\/revisions"}],"predecessor-version":[{"id":501,"href":"https:\/\/neanoticias.com\/index.php\/wp-json\/wp\/v2\/posts\/499\/revisions\/501"}],"wp:featuredmedia":[{"embeddable":true,"href":"https:\/\/neanoticias.com\/index.php\/wp-json\/wp\/v2\/media\/500"}],"wp:attachment":[{"href":"https:\/\/neanoticias.com\/index.php\/wp-json\/wp\/v2\/media?parent=499"}],"wp:term":[{"taxonomy":"category","embeddable":true,"href":"https:\/\/neanoticias.com\/index.php\/wp-json\/wp\/v2\/categories?post=499"},{"taxonomy":"post_tag","embeddable":true,"href":"https:\/\/neanoticias.com\/index.php\/wp-json\/wp\/v2\/tags?post=499"}],"curies":[{"name":"wp","href":"https:\/\/api.w.org\/{rel}","templated":true}]}}