{"id":484,"date":"2023-01-27T11:21:56","date_gmt":"2023-01-27T11:21:56","guid":{"rendered":"https:\/\/neanoticias.com\/?p=484"},"modified":"2023-01-27T11:21:57","modified_gmt":"2023-01-27T11:21:57","slug":"largas-filas-para-acceder-a-combustibles-de-ypf-en-ita-ibate","status":"publish","type":"post","link":"https:\/\/neanoticias.com\/index.php\/2023\/01\/27\/largas-filas-para-acceder-a-combustibles-de-ypf-en-ita-ibate\/","title":{"rendered":"LARGAS FILAS PARA ACCEDER A COMBUSTIBLES DE YPF EN IT\u00c1 IBAT\u00c9"},"content":{"rendered":"\n<p>Solemos registrar algunos quiebres de stock, pero siempre hacemos todos los esfuerzos para que los clientes tengan el combustible disponible&#8221;.<\/p>\n\n\n\n<figure class=\"wp-block-image size-full\"><img loading=\"lazy\" width=\"850\" height=\"695\" src=\"https:\/\/neanoticias.com\/wp-content\/uploads\/2023\/01\/1277110w850h695c.jpg.webp\" alt=\"\" class=\"wp-image-485\" srcset=\"https:\/\/neanoticias.com\/wp-content\/uploads\/2023\/01\/1277110w850h695c.jpg.webp 850w, https:\/\/neanoticias.com\/wp-content\/uploads\/2023\/01\/1277110w850h695c.jpg-300x245.webp 300w, https:\/\/neanoticias.com\/wp-content\/uploads\/2023\/01\/1277110w850h695c.jpg-768x628.webp 768w\" sizes=\"(max-width: 850px) 100vw, 850px\" \/><\/figure>\n\n\n\n<p>Problemas t\u00e9cnicos generados por el corte de un cable de alta tensi\u00f3n y demoradas en el arribo de cisternas con combustible, generaron largas filas ayer en el ingreso a la estaci\u00f3n YPF-ACA de It\u00e1 Ibat\u00e9, en el kil\u00f3metro 1181 de la Ruta Nacional 12.<\/p>\n\n\n\n<p>El encargado de ventas de esa expendedora, Eduardo Bernardis, dijo a \u00e9poca que &#8220;el temporal de viento que arreci\u00f3 esta parte de la provincia gener\u00f3 un desperfecto el\u00e9ctrico que dej\u00f3 fuera de operatividad a la estaci\u00f3n durante dos horas en la ma\u00f1ana&#8221;.<\/p>\n\n\n\n<p>&#8220;A eso se le sumaron ciertas demoras que hay, actualmente, en la distribuci\u00f3n desde San Lorenzo (Santa Fe), porque el reparto de los productos se hace en camiones y las rutas est\u00e1n muy congestionadas por la circulaci\u00f3n de turistas&#8221;, recalc\u00f3 el mencionado.<\/p>\n\n\n\n<p>Por la tarde la situaci\u00f3n se fue normalizando, aunque Bernardis aclar\u00f3: &#8220;Hay una alta demanda, es porque en lo que va del verano se nota mucho la circulaci\u00f3n de turistas, y somos la \u00fanica YPF en muchos kil\u00f3metro entre Corrientes y Misiones.\u00a0<\/p>\n","protected":false},"excerpt":{"rendered":"<p>Solemos registrar algunos quiebres de stock, pero siempre hacemos todos los esfuerzos para que los&#8230;<\/p>\n","protected":false},"author":1,"featured_media":485,"comment_status":"open","ping_status":"open","sticky":false,"template":"","format":"standard","meta":[],"categories":[1],"tags":[],"_links":{"self":[{"href":"https:\/\/neanoticias.com\/index.php\/wp-json\/wp\/v2\/posts\/484"}],"collection":[{"href":"https:\/\/neanoticias.com\/index.php\/wp-json\/wp\/v2\/posts"}],"about":[{"href":"https:\/\/neanoticias.com\/index.php\/wp-json\/wp\/v2\/types\/post"}],"author":[{"embeddable":true,"href":"https:\/\/neanoticias.com\/index.php\/wp-json\/wp\/v2\/users\/1"}],"replies":[{"embeddable":true,"href":"https:\/\/neanoticias.com\/index.php\/wp-json\/wp\/v2\/comments?post=484"}],"version-history":[{"count":1,"href":"https:\/\/neanoticias.com\/index.php\/wp-json\/wp\/v2\/posts\/484\/revisions"}],"predecessor-version":[{"id":486,"href":"https:\/\/neanoticias.com\/index.php\/wp-json\/wp\/v2\/posts\/484\/revisions\/486"}],"wp:featuredmedia":[{"embeddable":true,"href":"https:\/\/neanoticias.com\/index.php\/wp-json\/wp\/v2\/media\/485"}],"wp:attachment":[{"href":"https:\/\/neanoticias.com\/index.php\/wp-json\/wp\/v2\/media?parent=484"}],"wp:term":[{"taxonomy":"category","embeddable":true,"href":"https:\/\/neanoticias.com\/index.php\/wp-json\/wp\/v2\/categories?post=484"},{"taxonomy":"post_tag","embeddable":true,"href":"https:\/\/neanoticias.com\/index.php\/wp-json\/wp\/v2\/tags?post=484"}],"curies":[{"name":"wp","href":"https:\/\/api.w.org\/{rel}","templated":true}]}}