{"id":475,"date":"2023-01-12T16:02:44","date_gmt":"2023-01-12T16:02:44","guid":{"rendered":"https:\/\/neanoticias.com\/?p=475"},"modified":"2023-01-12T16:02:44","modified_gmt":"2023-01-12T16:02:44","slug":"el-chamame-emociono-el-hospital-pediatrico-con-canto-y-danza","status":"publish","type":"post","link":"https:\/\/neanoticias.com\/index.php\/2023\/01\/12\/el-chamame-emociono-el-hospital-pediatrico-con-canto-y-danza\/","title":{"rendered":"EL CHAMAM\u00c9 EMOCION\u00d3 EL HOSPITAL PEDI\u00c1TRICO CON CANTO Y DANZA"},"content":{"rendered":"\n<p>El ciclo &#8220;Chamam\u00e9 con todos&#8221; visit\u00f3 nuevamente la instituci\u00f3n con una delegaci\u00f3n de chamameceros. &#8220;Estamos agradecidos con esta propuesta que nos permite dar un poco de alivio a los familiares y pacientes&#8221;, expresaron las autoridades.<\/p>\n\n\n\n<figure class=\"wp-block-image size-large\"><img loading=\"lazy\" width=\"848\" height=\"1024\" src=\"https:\/\/neanoticias.com\/wp-content\/uploads\/2023\/01\/1273638w850h1027c.jpg-848x1024.webp\" alt=\"\" class=\"wp-image-476\" srcset=\"https:\/\/neanoticias.com\/wp-content\/uploads\/2023\/01\/1273638w850h1027c.jpg-848x1024.webp 848w, https:\/\/neanoticias.com\/wp-content\/uploads\/2023\/01\/1273638w850h1027c.jpg-248x300.webp 248w, https:\/\/neanoticias.com\/wp-content\/uploads\/2023\/01\/1273638w850h1027c.jpg-768x928.webp 768w, https:\/\/neanoticias.com\/wp-content\/uploads\/2023\/01\/1273638w850h1027c.jpg.webp 850w\" sizes=\"(max-width: 848px) 100vw, 848px\" \/><\/figure>\n\n\n\n<p>Una poes\u00eda envuelta de emociones, la m\u00fasica que abraza y el baile que se hace rezo, expresiones genuinas de una cultura que est\u00e1 viviendo su m\u00e1xima celebraci\u00f3n, la 32\u00b0 Fiesta Nacional del Chamam\u00e9 18\u00b0 del MERCOSUR y que ayer, como parte de ella, visit\u00f3 el hospital pedi\u00e1trico Juan Pablo II. La propuesta pertenece al ciclo &#8220;Chamam\u00e9 con todos&#8221;, una actividad integradora que demuestra que la fiesta &#8220;sea de todos y para todos&#8221;.<\/p>\n\n\n\n<p>Una madre abrazada a la esperanza de que su hijo mejore, un ni\u00f1o angustiado que aguarda salir sano, una enfermera que necesita un peque\u00f1o descanso y personas en situaciones de dificultad encontraron ayer una dosis de alivio, un peque\u00f1o respiro a la dura cotidianeidad con el chamam\u00e9 de compa\u00f1\u00eda. De la partida de artistas fueron los integrantes de Chamam\u00e9 Ha\u00fcy, m\u00fasicos ciegos que interpretan el acorde\u00f3n y la guitarra, acompa\u00f1ados del compositor Leandro Galarza. &#8220;Estamos emocionados de poder venir a cantar en este hospital, en el que la esperanza est\u00e1 puesta en los ni\u00f1os&#8221;, dijo Galarza.<\/p>\n\n\n\n<p>M\u00e1s tarde, toda la energ\u00eda la carg\u00f3 la reconocida acordeonista &#8220;La Pilarcita&#8221;, que acompa\u00f1ada de sus m\u00fasicos desat\u00f3 emociones a su antojo. Como es habitual, sali\u00f3 a zapatear entre el p\u00fablico, seguida de su instrumento, donde fue recibida por un pu\u00f1ado de enfermeras que bailaron junto a ella. En el acceso del hospital, los bailarines Jana Moreiro y Lautaro C\u00e1ceres se sumaron al ballet &#8220;Sentido Folclore&#8221; que convirti\u00f3 el lugar en una tradicional bailanta. Una postal inolvidable de un gesto musical que llega una vez al a\u00f1o, pero que quiz\u00e1s es necesario hacerlo m\u00e1s de seguido.<\/p>\n\n\n\n<h2>Con un sapucai<\/h2>\n\n\n\n<p>El ciclo &#8220;Chamam\u00e9 con todos&#8221; tiene turno hoy en el hospital de salud mental San Francisco de As\u00eds, que visitar\u00e1 nuevamente con m\u00fasicos y bailarines. En esta oportunidad se presentar\u00e1 por primera vez el grupo Los Alonsitos, que compartir\u00e1 un show ac\u00fastico para disfrutar del chamam\u00e9.<\/p>\n\n\n\n<p>De la jornada, ser\u00e1n parte el m\u00fasico Pedro Villalba, junto al bandoneonista Miguel Zaracho y la voz de &#8220;Rulo&#8221; Gonz\u00e1lez. Se sumar\u00e1n, adem\u00e1s, numerosos bailarines de distintas academias y ballets.\u00a0<\/p>\n","protected":false},"excerpt":{"rendered":"<p>El ciclo &#8220;Chamam\u00e9 con todos&#8221; visit\u00f3 nuevamente la instituci\u00f3n con una delegaci\u00f3n de chamameceros. &#8220;Estamos&#8230;<\/p>\n","protected":false},"author":1,"featured_media":476,"comment_status":"open","ping_status":"open","sticky":false,"template":"","format":"standard","meta":[],"categories":[1],"tags":[],"_links":{"self":[{"href":"https:\/\/neanoticias.com\/index.php\/wp-json\/wp\/v2\/posts\/475"}],"collection":[{"href":"https:\/\/neanoticias.com\/index.php\/wp-json\/wp\/v2\/posts"}],"about":[{"href":"https:\/\/neanoticias.com\/index.php\/wp-json\/wp\/v2\/types\/post"}],"author":[{"embeddable":true,"href":"https:\/\/neanoticias.com\/index.php\/wp-json\/wp\/v2\/users\/1"}],"replies":[{"embeddable":true,"href":"https:\/\/neanoticias.com\/index.php\/wp-json\/wp\/v2\/comments?post=475"}],"version-history":[{"count":1,"href":"https:\/\/neanoticias.com\/index.php\/wp-json\/wp\/v2\/posts\/475\/revisions"}],"predecessor-version":[{"id":477,"href":"https:\/\/neanoticias.com\/index.php\/wp-json\/wp\/v2\/posts\/475\/revisions\/477"}],"wp:featuredmedia":[{"embeddable":true,"href":"https:\/\/neanoticias.com\/index.php\/wp-json\/wp\/v2\/media\/476"}],"wp:attachment":[{"href":"https:\/\/neanoticias.com\/index.php\/wp-json\/wp\/v2\/media?parent=475"}],"wp:term":[{"taxonomy":"category","embeddable":true,"href":"https:\/\/neanoticias.com\/index.php\/wp-json\/wp\/v2\/categories?post=475"},{"taxonomy":"post_tag","embeddable":true,"href":"https:\/\/neanoticias.com\/index.php\/wp-json\/wp\/v2\/tags?post=475"}],"curies":[{"name":"wp","href":"https:\/\/api.w.org\/{rel}","templated":true}]}}