{"id":472,"date":"2023-01-12T16:01:02","date_gmt":"2023-01-12T16:01:02","guid":{"rendered":"https:\/\/neanoticias.com\/?p=472"},"modified":"2023-01-12T16:01:04","modified_gmt":"2023-01-12T16:01:04","slug":"torbellino-destruyo-tendaleros-horticolas-en-santa-lucia","status":"publish","type":"post","link":"https:\/\/neanoticias.com\/index.php\/2023\/01\/12\/torbellino-destruyo-tendaleros-horticolas-en-santa-lucia\/","title":{"rendered":"TORBELLINO DESTRUY\u00d3 TENDALEROS HORT\u00cdCOLAS EN SANTA LUC\u00cdA"},"content":{"rendered":"\n<p>El fen\u00f3meno, tambi\u00e9n conocido como &#8220;tolvanera&#8221; o &#8220;tornado seco&#8221; provoc\u00f3 destrozos en la finca de un productor de la mencionada ciudad correntina. El hecho, que sucedi\u00f3 en la tarde del martes, qued\u00f3 registrado en un video que circul\u00f3 en redes sociales.<\/p>\n\n\n\n<figure class=\"wp-block-image size-full\"><img loading=\"lazy\" width=\"762\" height=\"584\" src=\"https:\/\/neanoticias.com\/wp-content\/uploads\/2023\/01\/1273685w762h584c.webp.webp\" alt=\"\" class=\"wp-image-473\" srcset=\"https:\/\/neanoticias.com\/wp-content\/uploads\/2023\/01\/1273685w762h584c.webp.webp 762w, https:\/\/neanoticias.com\/wp-content\/uploads\/2023\/01\/1273685w762h584c.webp-300x230.webp 300w\" sizes=\"(max-width: 762px) 100vw, 762px\" \/><\/figure>\n\n\n\n<p>En la tarde de ayer se viraliz\u00f3 un video donde se puede observar un &#8220;tornado seco&#8221; que que destruy\u00f3 tendaleros hort\u00edcolas de una quinta cercana a Santa Luc\u00eda, departamento de Lavalle.<\/p>\n\n\n\n<p>Seg\u00fan indicaron, se trata de una &#8220;tolvanera&#8221;, tambi\u00e9n conocido como &#8220;remolino de polvo&#8221; o &#8220;diablo de polvo&#8221;. Especialistas explicaron que estos torbellinos &#8220;se producen cuando el aire pr\u00f3ximo al suelo est\u00e1 muy caliente a causa del sol y por lo general su altura es de menos de 50 metros y suelen verse en zonas \u00e1ridas o semi\u00e1ridas&#8221;.<\/p>\n\n\n\n<p>En Santa Luc\u00eda el fen\u00f3meno se origin\u00f3 cerca de las 16, causando m\u00faltiples destrozos y alert\u00f3 al propietario del terreno.<\/p>\n","protected":false},"excerpt":{"rendered":"<p>El fen\u00f3meno, tambi\u00e9n conocido como &#8220;tolvanera&#8221; o &#8220;tornado seco&#8221; provoc\u00f3 destrozos en la finca de&#8230;<\/p>\n","protected":false},"author":1,"featured_media":473,"comment_status":"open","ping_status":"open","sticky":false,"template":"","format":"standard","meta":[],"categories":[1],"tags":[],"_links":{"self":[{"href":"https:\/\/neanoticias.com\/index.php\/wp-json\/wp\/v2\/posts\/472"}],"collection":[{"href":"https:\/\/neanoticias.com\/index.php\/wp-json\/wp\/v2\/posts"}],"about":[{"href":"https:\/\/neanoticias.com\/index.php\/wp-json\/wp\/v2\/types\/post"}],"author":[{"embeddable":true,"href":"https:\/\/neanoticias.com\/index.php\/wp-json\/wp\/v2\/users\/1"}],"replies":[{"embeddable":true,"href":"https:\/\/neanoticias.com\/index.php\/wp-json\/wp\/v2\/comments?post=472"}],"version-history":[{"count":1,"href":"https:\/\/neanoticias.com\/index.php\/wp-json\/wp\/v2\/posts\/472\/revisions"}],"predecessor-version":[{"id":474,"href":"https:\/\/neanoticias.com\/index.php\/wp-json\/wp\/v2\/posts\/472\/revisions\/474"}],"wp:featuredmedia":[{"embeddable":true,"href":"https:\/\/neanoticias.com\/index.php\/wp-json\/wp\/v2\/media\/473"}],"wp:attachment":[{"href":"https:\/\/neanoticias.com\/index.php\/wp-json\/wp\/v2\/media?parent=472"}],"wp:term":[{"taxonomy":"category","embeddable":true,"href":"https:\/\/neanoticias.com\/index.php\/wp-json\/wp\/v2\/categories?post=472"},{"taxonomy":"post_tag","embeddable":true,"href":"https:\/\/neanoticias.com\/index.php\/wp-json\/wp\/v2\/tags?post=472"}],"curies":[{"name":"wp","href":"https:\/\/api.w.org\/{rel}","templated":true}]}}