{"id":454,"date":"2023-01-12T15:24:42","date_gmt":"2023-01-12T15:24:42","guid":{"rendered":"https:\/\/neanoticias.com\/?p=454"},"modified":"2023-01-12T15:24:43","modified_gmt":"2023-01-12T15:24:43","slug":"preocupacion-por-un-incendio-forestal-en-paraje-caiman","status":"publish","type":"post","link":"https:\/\/neanoticias.com\/index.php\/2023\/01\/12\/preocupacion-por-un-incendio-forestal-en-paraje-caiman\/","title":{"rendered":"PREOCUPACI\u00d3N POR UN INCENDIO FORESTAL EN PARAJE CAIM\u00c1N"},"content":{"rendered":"\n<p>Dotaciones de bomberos trabajan para sofocar las llamas que amenazan con llegar a las viviendas e instalaciones rurales en el mencionado paraje ubicado en San Miguel. Fuentes detallaron que no descartan el pedido de refuerzos.\u00a0<\/p>\n\n\n\n<figure class=\"wp-block-image size-large\"><img loading=\"lazy\" width=\"1024\" height=\"461\" src=\"https:\/\/neanoticias.com\/wp-content\/uploads\/2023\/01\/1273833h720.webp-1024x461.webp\" alt=\"\" class=\"wp-image-455\" srcset=\"https:\/\/neanoticias.com\/wp-content\/uploads\/2023\/01\/1273833h720.webp-1024x461.webp 1024w, https:\/\/neanoticias.com\/wp-content\/uploads\/2023\/01\/1273833h720.webp-300x135.webp 300w, https:\/\/neanoticias.com\/wp-content\/uploads\/2023\/01\/1273833h720.webp-768x346.webp 768w, https:\/\/neanoticias.com\/wp-content\/uploads\/2023\/01\/1273833h720.webp-1536x691.webp 1536w, https:\/\/neanoticias.com\/wp-content\/uploads\/2023\/01\/1273833h720.webp.webp 1600w\" sizes=\"(max-width: 1024px) 100vw, 1024px\" \/><\/figure>\n\n\n\n<p>Desde el mi\u00e9rcoles por la tarde persiste un gran incendio en el Paraje Caim\u00e1n, distante a 15 kil\u00f3metros de Santa Rosa. Pese al arduo trabajo de los bomberos, el foco contin\u00faa activo causando preocupaci\u00f3n en la zona, ya que el fuego amenaza con llegar a las viviendas e instalaciones rurales.&nbsp;<\/p>\n\n\n\n<p>Seg\u00fan indicaron, las columnas de humo pueden observarse desde varios kil\u00f3metros de distancia. En el lugar trabajan brigadistas, bomberos locales y de localidades vecinas.&nbsp;<\/p>\n\n\n\n<p>Las p\u00e9rdidas forestales de peque\u00f1os campos y sembrad\u00edos podr\u00edan ser totales a causa del fuego y la preocupaci\u00f3n se incrementa ya que la poblaci\u00f3n a\u00fan se est\u00e1n recuperando del impacto que tuvo el a\u00f1o pasado el fen\u00f3meno.<\/p>\n","protected":false},"excerpt":{"rendered":"<p>Dotaciones de bomberos trabajan para sofocar las llamas que amenazan con llegar a las viviendas&#8230;<\/p>\n","protected":false},"author":1,"featured_media":455,"comment_status":"open","ping_status":"open","sticky":false,"template":"","format":"standard","meta":[],"categories":[1],"tags":[],"_links":{"self":[{"href":"https:\/\/neanoticias.com\/index.php\/wp-json\/wp\/v2\/posts\/454"}],"collection":[{"href":"https:\/\/neanoticias.com\/index.php\/wp-json\/wp\/v2\/posts"}],"about":[{"href":"https:\/\/neanoticias.com\/index.php\/wp-json\/wp\/v2\/types\/post"}],"author":[{"embeddable":true,"href":"https:\/\/neanoticias.com\/index.php\/wp-json\/wp\/v2\/users\/1"}],"replies":[{"embeddable":true,"href":"https:\/\/neanoticias.com\/index.php\/wp-json\/wp\/v2\/comments?post=454"}],"version-history":[{"count":1,"href":"https:\/\/neanoticias.com\/index.php\/wp-json\/wp\/v2\/posts\/454\/revisions"}],"predecessor-version":[{"id":456,"href":"https:\/\/neanoticias.com\/index.php\/wp-json\/wp\/v2\/posts\/454\/revisions\/456"}],"wp:featuredmedia":[{"embeddable":true,"href":"https:\/\/neanoticias.com\/index.php\/wp-json\/wp\/v2\/media\/455"}],"wp:attachment":[{"href":"https:\/\/neanoticias.com\/index.php\/wp-json\/wp\/v2\/media?parent=454"}],"wp:term":[{"taxonomy":"category","embeddable":true,"href":"https:\/\/neanoticias.com\/index.php\/wp-json\/wp\/v2\/categories?post=454"},{"taxonomy":"post_tag","embeddable":true,"href":"https:\/\/neanoticias.com\/index.php\/wp-json\/wp\/v2\/tags?post=454"}],"curies":[{"name":"wp","href":"https:\/\/api.w.org\/{rel}","templated":true}]}}