{"id":451,"date":"2023-01-12T15:23:58","date_gmt":"2023-01-12T15:23:58","guid":{"rendered":"https:\/\/neanoticias.com\/?p=451"},"modified":"2023-01-12T15:23:59","modified_gmt":"2023-01-12T15:23:59","slug":"se-mantiene-activos-seis-focos-igneos-en-corrientes","status":"publish","type":"post","link":"https:\/\/neanoticias.com\/index.php\/2023\/01\/12\/se-mantiene-activos-seis-focos-igneos-en-corrientes\/","title":{"rendered":"SE MANTIENE ACTIVOS SEIS FOCOS \u00cdGNEOS EN CORRIENTES"},"content":{"rendered":"\n<p>El Comando Operativo de Emergencia\u00a0 de la provincia inform\u00f3 que este jueves se registraron 11 focos \u00edgneos, de los cuales cinco se encuentran controlados. Los incendios azotaron a San Luis, Ituzaing\u00f3, Paraje Caim\u00e1n, Concepci\u00f3n, Colonia Pando, Tabay, Tatacua, Sauce, Curuz\u00fa Cuati\u00e1, Mocoret\u00e1 y Pueblo Libertador.<\/p>\n\n\n\n<figure class=\"wp-block-image size-full\"><img loading=\"lazy\" width=\"762\" height=\"508\" src=\"https:\/\/neanoticias.com\/wp-content\/uploads\/2023\/01\/1273855w762h508c.jpg.webp\" alt=\"\" class=\"wp-image-452\" srcset=\"https:\/\/neanoticias.com\/wp-content\/uploads\/2023\/01\/1273855w762h508c.jpg.webp 762w, https:\/\/neanoticias.com\/wp-content\/uploads\/2023\/01\/1273855w762h508c.jpg-300x200.webp 300w\" sizes=\"(max-width: 762px) 100vw, 762px\" \/><\/figure>\n\n\n\n<p>El Comando Operativo de Emergencia (COE) de la provincia de Corrientes inform\u00f3 que este jueves 12 se registraron 11 focos \u00edgneos en la provincia, de los cuales 5 se encuentran controlados y 6 se mantienen activos.<\/p>\n\n\n\n<p>Los focos se produjeron en las siguientes localidades: 1 en San Luis, 1 en Ituzaing\u00f3, 1 en Paraje Caim\u00e1n, 1 en Concepci\u00f3n, 1 en Colonia Pando, 1 en Tabay, 1 en Tatacua, 1 en Sauce, 1 en Curuz\u00fa Cuati\u00e1, 1 en Mocoret\u00e1 y 1 en Pueblo Libertador.<\/p>\n\n\n\n<p>El COE, cuyas instalaciones se encuentran en el Ministerio de Seguridad, tiene como objetivo definir las distintas acciones para hacer frente a eventuales focos \u00edgneos y para su prevenci\u00f3n, con la implementaci\u00f3n de equipos de \u00faltima tecnolog\u00eda. Est\u00e1 conformado por miembros del Gobierno provincial, del nacional, la Polic\u00eda de Corrientes, Bomberos Voluntarios, Ej\u00e9rcito, Prefectura Naval, Cruz Roja Internacional y el sector privado.<\/p>\n","protected":false},"excerpt":{"rendered":"<p>El Comando Operativo de Emergencia\u00a0 de la provincia inform\u00f3 que este jueves se registraron 11&#8230;<\/p>\n","protected":false},"author":1,"featured_media":452,"comment_status":"open","ping_status":"open","sticky":false,"template":"","format":"standard","meta":[],"categories":[1],"tags":[],"_links":{"self":[{"href":"https:\/\/neanoticias.com\/index.php\/wp-json\/wp\/v2\/posts\/451"}],"collection":[{"href":"https:\/\/neanoticias.com\/index.php\/wp-json\/wp\/v2\/posts"}],"about":[{"href":"https:\/\/neanoticias.com\/index.php\/wp-json\/wp\/v2\/types\/post"}],"author":[{"embeddable":true,"href":"https:\/\/neanoticias.com\/index.php\/wp-json\/wp\/v2\/users\/1"}],"replies":[{"embeddable":true,"href":"https:\/\/neanoticias.com\/index.php\/wp-json\/wp\/v2\/comments?post=451"}],"version-history":[{"count":1,"href":"https:\/\/neanoticias.com\/index.php\/wp-json\/wp\/v2\/posts\/451\/revisions"}],"predecessor-version":[{"id":453,"href":"https:\/\/neanoticias.com\/index.php\/wp-json\/wp\/v2\/posts\/451\/revisions\/453"}],"wp:featuredmedia":[{"embeddable":true,"href":"https:\/\/neanoticias.com\/index.php\/wp-json\/wp\/v2\/media\/452"}],"wp:attachment":[{"href":"https:\/\/neanoticias.com\/index.php\/wp-json\/wp\/v2\/media?parent=451"}],"wp:term":[{"taxonomy":"category","embeddable":true,"href":"https:\/\/neanoticias.com\/index.php\/wp-json\/wp\/v2\/categories?post=451"},{"taxonomy":"post_tag","embeddable":true,"href":"https:\/\/neanoticias.com\/index.php\/wp-json\/wp\/v2\/tags?post=451"}],"curies":[{"name":"wp","href":"https:\/\/api.w.org\/{rel}","templated":true}]}}