{"id":447,"date":"2023-01-04T15:32:22","date_gmt":"2023-01-04T15:32:22","guid":{"rendered":"https:\/\/neanoticias.com\/?p=447"},"modified":"2023-01-04T15:32:22","modified_gmt":"2023-01-04T15:32:22","slug":"tres-focos-activos-en-corrientes-no-hay-riesgo-de-propagacion","status":"publish","type":"post","link":"https:\/\/neanoticias.com\/index.php\/2023\/01\/04\/tres-focos-activos-en-corrientes-no-hay-riesgo-de-propagacion\/","title":{"rendered":"TRES FOCOS ACTIVOS EN CORRIENTES: &#8220;NO HAY RIESGO DE PROPAGACI\u00d3N&#8221;"},"content":{"rendered":"\n<p>El titular de Defensa Civil de la Provincia, Eulogio M\u00e1rquez, confirm\u00f3 que los incendios se registraron en zonas cercanas a Sauce, Concepci\u00f3n y San Miguel. &#8220;Est\u00e1n absolutamente controlados&#8221;, adelant\u00f3.<\/p>\n\n\n\n<figure class=\"wp-block-image size-full\"><img loading=\"lazy\" width=\"470\" height=\"313\" src=\"https:\/\/neanoticias.com\/wp-content\/uploads\/2023\/01\/347014-whatsapp-20image-202022-02-12-20at-2019-57-37.jpeg\" alt=\"\" class=\"wp-image-448\" srcset=\"https:\/\/neanoticias.com\/wp-content\/uploads\/2023\/01\/347014-whatsapp-20image-202022-02-12-20at-2019-57-37.jpeg 470w, https:\/\/neanoticias.com\/wp-content\/uploads\/2023\/01\/347014-whatsapp-20image-202022-02-12-20at-2019-57-37-300x200.jpeg 300w\" sizes=\"(max-width: 470px) 100vw, 470px\" \/><\/figure>\n\n\n\n<p>Eulogio M\u00e1rquez, titular de Defensa Civil de la Provincia, inform\u00f3 que por \u00e9stas horas hay tres focos de incendio en territorio correntino. &#8220;Est\u00e1n absolutamente controlados y no hay peligro de propagaci\u00f3n&#8221;, adelant\u00f3 el funcionario.<\/p>\n\n\n\n<p>Coment\u00f3 cu\u00e1l es la situaci\u00f3n actual de los incendios en Corrientes. &#8220;Hay un foco en una ca\u00f1ada cerca de Sauce, pero sin riesgos para viviviendas ni la producci\u00f3n. De acuerdo a lo informado por los bomberos el fuego se extinguir\u00e1 solo. Est\u00e1n custodiando la zona bomberos de Pueblo Libertador y Sauce&#8221;, explic\u00f3.<\/p>\n\n\n\n<p>Agreg\u00f3 que &#8220;hay un peque\u00f1o foco en un estero cercano a Concepci\u00f3n, donde se trabaj\u00f3 con m\u00e1quinas de Vialidad para evitar que llegue a viviendas&#8221;<\/p>\n\n\n\n<p>Tambi\u00e9n coment\u00f3 que hay otro foco activo a pocos kil\u00f3metros de San Miguel, &#8220;pero no reporta peligro todav\u00eda&#8221;, precis\u00f3 el funcionario.<\/p>\n\n\n\n<p>&#8220;Estamos con una situaci\u00f3n bastante tranquila, ya que las \u00faltimas lluvias registradas trajeron cierto alivio. Pero nosotros insistimos en la responsabilidad de todos, porque el problema principal sigue siendo la gente que prende fuego y luego se descontrola todo&#8221;, insisti\u00f3 M\u00e1rquez.<\/p>\n","protected":false},"excerpt":{"rendered":"<p>El titular de Defensa Civil de la Provincia, Eulogio M\u00e1rquez, confirm\u00f3 que los incendios se&#8230;<\/p>\n","protected":false},"author":1,"featured_media":448,"comment_status":"open","ping_status":"open","sticky":false,"template":"","format":"standard","meta":[],"categories":[1],"tags":[],"_links":{"self":[{"href":"https:\/\/neanoticias.com\/index.php\/wp-json\/wp\/v2\/posts\/447"}],"collection":[{"href":"https:\/\/neanoticias.com\/index.php\/wp-json\/wp\/v2\/posts"}],"about":[{"href":"https:\/\/neanoticias.com\/index.php\/wp-json\/wp\/v2\/types\/post"}],"author":[{"embeddable":true,"href":"https:\/\/neanoticias.com\/index.php\/wp-json\/wp\/v2\/users\/1"}],"replies":[{"embeddable":true,"href":"https:\/\/neanoticias.com\/index.php\/wp-json\/wp\/v2\/comments?post=447"}],"version-history":[{"count":1,"href":"https:\/\/neanoticias.com\/index.php\/wp-json\/wp\/v2\/posts\/447\/revisions"}],"predecessor-version":[{"id":449,"href":"https:\/\/neanoticias.com\/index.php\/wp-json\/wp\/v2\/posts\/447\/revisions\/449"}],"wp:featuredmedia":[{"embeddable":true,"href":"https:\/\/neanoticias.com\/index.php\/wp-json\/wp\/v2\/media\/448"}],"wp:attachment":[{"href":"https:\/\/neanoticias.com\/index.php\/wp-json\/wp\/v2\/media?parent=447"}],"wp:term":[{"taxonomy":"category","embeddable":true,"href":"https:\/\/neanoticias.com\/index.php\/wp-json\/wp\/v2\/categories?post=447"},{"taxonomy":"post_tag","embeddable":true,"href":"https:\/\/neanoticias.com\/index.php\/wp-json\/wp\/v2\/tags?post=447"}],"curies":[{"name":"wp","href":"https:\/\/api.w.org\/{rel}","templated":true}]}}