{"id":444,"date":"2023-01-04T15:30:11","date_gmt":"2023-01-04T15:30:11","guid":{"rendered":"https:\/\/neanoticias.com\/?p=444"},"modified":"2023-01-04T15:30:11","modified_gmt":"2023-01-04T15:30:11","slug":"detuvieron-al-presunto-abusador-de-una-nina-de-11","status":"publish","type":"post","link":"https:\/\/neanoticias.com\/index.php\/2023\/01\/04\/detuvieron-al-presunto-abusador-de-una-nina-de-11\/","title":{"rendered":"DETUVIERON AL PRESUNTO ABUSADOR DE UNA NI\u00d1A DE 11"},"content":{"rendered":"\n<p>En diciembre pasado denunciaron el abuso de la menor. En la madrugada del mi\u00e9rcoles familiares informaron que el sujeto fue detenido y trasladado al Penal N\u00b06. Adem\u00e1s informaron que tambi\u00e9n esta detenido un amigo del conocido por amenazas a la familia de la nena.\u00a0<\/p>\n\n\n\n<figure class=\"wp-block-image size-full\"><img loading=\"lazy\" width=\"762\" height=\"555\" src=\"https:\/\/neanoticias.com\/wp-content\/uploads\/2023\/01\/1272759w762h555c.jpg.webp\" alt=\"\" class=\"wp-image-445\" srcset=\"https:\/\/neanoticias.com\/wp-content\/uploads\/2023\/01\/1272759w762h555c.jpg.webp 762w, https:\/\/neanoticias.com\/wp-content\/uploads\/2023\/01\/1272759w762h555c.jpg-300x219.webp 300w\" sizes=\"(max-width: 762px) 100vw, 762px\" \/><\/figure>\n\n\n\n<p>En el d\u00eda de ayer, un grupo de familiares y vecinos de una ni\u00f1a de 11 a\u00f1os llegaron hasta calle Carlos Pellegrini de esta ciudad capital, con el fin de pedir a las autoridades judiciales &#8220;tomar cartas en el asunto&#8221; y que se detenga al acusado de &#8220;abusarla sexualmente&#8221;. La nena fue examinada por m\u00e9dicos que confirmaron el hecho.<\/p>\n\n\n\n<p>&#8220;La semana pasada, este hombre lleg\u00f3 a la casa de su novia y, aprovechando que la nena (sobrina de su pareja) estaba sola, abus\u00f3 de ella. Desde ese momento est\u00e1 desaparecido. Lo que reclamamos es que salga su inmediato pedido de detenci\u00f3n, porque sabemos que ya dej\u00f3 su casa en el barrio 17 de Agosto y fue hacia el Pirayu\u00ed&#8221;, dijo una familiar de la peque\u00f1a.<\/p>\n\n\n\n<p>A Radio Dos cont\u00f3 que la propia t\u00eda de la nena, quien en su momento estaba en pareja con el denunciado, fue quien descubri\u00f3 el hecho y ech\u00f3 a palazos de la vivienda al hombre.<\/p>\n\n\n\n<p>&#8220;Pudimos saber que hubo mensajes al celular de la nena en el que este sujeto le dec\u00eda que si lo denunciaba iba a dejar de darle plata. No sabemos por qu\u00e9 paso todo esto y en qu\u00e9 circunstancias le daba dinero a la criatura. Mi sobrina est\u00e1 mal&#8230; no quiere hablar y ahora tiene asistencia psicol\u00f3gica&#8221;, agreg\u00f3 la familiar.<\/p>\n\n\n\n<p>Tal como inform\u00f3 este matutino, se conocieron los estudios m\u00e9dicos que confirmaron el ultraje.<\/p>\n\n\n\n<p>Los familiares y vecinos de la menor estuvieron en la ma\u00f1ana de ayer cortando el tr\u00e1nsito vehicular hasta que fueron atendidos en el Juzgado de Instrucci\u00f3n N\u00ba1, en el que se asienta el caso.<\/p>\n\n\n\n<h2>El hecho<\/h2>\n\n\n\n<p>El 25 de diciembre \u00faltimo, E.A.C., de 41 a\u00f1os, fue encontrado abusando de una ni\u00f1a de 11 a\u00f1os. Quien lo descubri\u00f3 fue su pareja, t\u00eda de la menor.<\/p>\n\n\n\n<p>Desde entonces, la familia de la peque\u00f1a denunci\u00f3 lo ocurrido y est\u00e1 a la espera de la pronta detenci\u00f3n del depravado, a\u00fan m\u00e1s con los resultados m\u00e9dicos que confirmaron el hecho.<\/p>\n\n\n\n<p>Flor es familiar de la menor y cont\u00f3 a \u00e9poca que debieron salir a la calle, el viernes pasado, a manifestarse con el fin de lograr justicia.<\/p>\n\n\n\n<p>&#8220;La t\u00eda se dio cuenta que \u00e9l no estaba durmiendo en su cama y cuando lo busc\u00f3, lo encontr\u00f3 manoseando a la nena&#8221;, comenz\u00f3 su escalofriante relato, momento en el que decidieron llegar hasta la casa del presunto abusador y quemar cubiertas.<\/p>\n\n\n\n<p>&#8220;Ella tiene 11 a\u00f1os, pero desde sus nueve a\u00f1os \u00e9l la viene manoseando y este a\u00f1o la empez\u00f3 a violar&#8221;, cont\u00f3.<\/p>\n\n\n\n<p>Flor coment\u00f3, adem\u00e1s, que el hombre trabaja en la empresa de recolecci\u00f3n de residuos de esta ciudad y que con el correr de las horas, tras hacer el caso p\u00fablico en redes sociales con la imagen del hombre, recibieron informaci\u00f3n de que habr\u00edan otros ni\u00f1os que sufrieron acoso.<\/p>\n\n\n\n<p>Al cierre de esta edici\u00f3n, fuentes oficiales informaron que se pidi\u00f3 la detenci\u00f3n inmediata del hombre.<\/p>\n\n\n\n<p>A nueve d\u00edas de la denuncia ante las oficinas de Delitos Contra la Integridad Sexual, no se descartan allanamientos para sumar pruebas al caso y localizar al presunto depravado, quien ya contar\u00eda con antecedentes por otros hechos delictivos.<\/p>\n\n\n\n<p>Familiares, por su parte, solicitaron ante la prensa que si hay otros casos que involucran al denunciando lo hagan saber a la Polic\u00eda.<\/p>\n\n\n\n<p>Finalmente, en horas de la madrugada de este mi\u00e9rcoles, detuvieron al sujeto quien fue trasladado al Penal N\u00b06. Tambi\u00e9n detuvieron a un amigo del conocido por amenazas a la familia de la nena.&nbsp;<\/p>\n","protected":false},"excerpt":{"rendered":"<p>En diciembre pasado denunciaron el abuso de la menor. En la madrugada del mi\u00e9rcoles familiares&#8230;<\/p>\n","protected":false},"author":1,"featured_media":445,"comment_status":"open","ping_status":"open","sticky":false,"template":"","format":"standard","meta":[],"categories":[1],"tags":[],"_links":{"self":[{"href":"https:\/\/neanoticias.com\/index.php\/wp-json\/wp\/v2\/posts\/444"}],"collection":[{"href":"https:\/\/neanoticias.com\/index.php\/wp-json\/wp\/v2\/posts"}],"about":[{"href":"https:\/\/neanoticias.com\/index.php\/wp-json\/wp\/v2\/types\/post"}],"author":[{"embeddable":true,"href":"https:\/\/neanoticias.com\/index.php\/wp-json\/wp\/v2\/users\/1"}],"replies":[{"embeddable":true,"href":"https:\/\/neanoticias.com\/index.php\/wp-json\/wp\/v2\/comments?post=444"}],"version-history":[{"count":1,"href":"https:\/\/neanoticias.com\/index.php\/wp-json\/wp\/v2\/posts\/444\/revisions"}],"predecessor-version":[{"id":446,"href":"https:\/\/neanoticias.com\/index.php\/wp-json\/wp\/v2\/posts\/444\/revisions\/446"}],"wp:featuredmedia":[{"embeddable":true,"href":"https:\/\/neanoticias.com\/index.php\/wp-json\/wp\/v2\/media\/445"}],"wp:attachment":[{"href":"https:\/\/neanoticias.com\/index.php\/wp-json\/wp\/v2\/media?parent=444"}],"wp:term":[{"taxonomy":"category","embeddable":true,"href":"https:\/\/neanoticias.com\/index.php\/wp-json\/wp\/v2\/categories?post=444"},{"taxonomy":"post_tag","embeddable":true,"href":"https:\/\/neanoticias.com\/index.php\/wp-json\/wp\/v2\/tags?post=444"}],"curies":[{"name":"wp","href":"https:\/\/api.w.org\/{rel}","templated":true}]}}