{"id":437,"date":"2023-01-04T15:27:33","date_gmt":"2023-01-04T15:27:33","guid":{"rendered":"https:\/\/neanoticias.com\/?p=437"},"modified":"2023-01-04T15:27:34","modified_gmt":"2023-01-04T15:27:34","slug":"la-bronca-de-santi-maratea-contra-los-rugbiers-que-mataron-a-baez-sosa","status":"publish","type":"post","link":"https:\/\/neanoticias.com\/index.php\/2023\/01\/04\/la-bronca-de-santi-maratea-contra-los-rugbiers-que-mataron-a-baez-sosa\/","title":{"rendered":"LA BRONCA DE SANTI MARATEA CONTRA LOS RUGBIERS QUE MATARON A B\u00c1EZ SOSA"},"content":{"rendered":"\n<p>El influencer opin\u00f3 sin filtro sobre el inicio del juicio por el crimen de Fernando. Apunt\u00f3 a los padres de los acusados por &#8220;criar asesinos&#8221; y pidi\u00f3 que &#8220;nunca dejemos de acompa\u00f1ar a la familia de la v\u00edctima&#8221;.<\/p>\n\n\n\n<p>Santiago Maratea, reconocido influencer en el pa\u00eds, dej\u00f3 tajantes definiciones en el marco del inicio del juicio contra los rugbiers acusados de matar a Fernando B\u00e1ez Sosa, un hecho que conmociona a la sociedad desde hace tres a\u00f1os.<\/p>\n\n\n\n<p>Mediante sus redes sociales, Maratea hizo p\u00fablico su repudio a los ocho j\u00f3venes que golpearon hasta asesinar al chico de 18 a\u00f1os a la salida de un boliche en Villa Gesell.<\/p>\n\n\n\n<figure class=\"wp-container-2 wp-block-gallery-1 wp-block-gallery has-nested-images columns-default is-cropped\">\n<figure class=\"wp-block-image size-large\"><img loading=\"lazy\" width=\"441\" height=\"451\" data-id=\"439\"  src=\"https:\/\/neanoticias.com\/wp-content\/uploads\/2023\/01\/2023-01-04-12_26_05-Window.jpg\" alt=\"\" class=\"wp-image-439\" srcset=\"https:\/\/neanoticias.com\/wp-content\/uploads\/2023\/01\/2023-01-04-12_26_05-Window.jpg 441w, https:\/\/neanoticias.com\/wp-content\/uploads\/2023\/01\/2023-01-04-12_26_05-Window-293x300.jpg 293w\" sizes=\"(max-width: 441px) 100vw, 441px\" \/><\/figure>\n<\/figure>\n\n\n\n<p>Sin ning\u00fan tipo de filtro en sus historias de Instagram, expres\u00f3: &#8220;Fernando estaba con amigos vacacionando y se cruza con estos ocho asesinos que le pegan y lo matan, se dividen las tareas&#8221;, arranc\u00f3 en uno de sus posteos. Luego critic\u00f3 el hecho de que no haya cadena perpetua en Argentina. Adem\u00e1s, le pidi\u00f3 a la sociedad que no abandone a los familiares de Fernando en su lucha.<\/p>\n\n\n\n<p>&#8220;No puedo creer que los padres de los asesinos los defienden. Buscan todos el mismo abogado, que tengan beneficios en la c\u00e1rcel y les ponen el barbijo para que no se les vea la cara. Si sos el pap\u00e1 hace que d\u00e9 la cara, jodete porque vos criaste a ese pibe. (&#8230;) Criaron asesinos&#8221;, lanz\u00f3 Maratea.<\/p>\n\n\n\n<p>Todo ocurri\u00f3 el 18 de enero de 2020, cuando Fernando B\u00e1ez Sosa se encontraba de vacaciones en Villa Gesell junto a sus amigos y fue a bailar al boliche Le Brique. Cuando sali\u00f3 de la disco, fue atacado a golpes. Entre los imputados por el ataque se encuentran: M\u00e1ximo Thomsen, Ciro Pertossi, Enzo Comelli, Mat\u00edas Benicelli, Blas Cinalli, Ayrton Viollaz, Lucas Pertossi y Luciano Pertossi.&nbsp;<\/p>\n\n\n\n<p><strong>Otros famosos tambi\u00e9n se expresaron sobre el caso<\/strong><\/p>\n\n\n\n<p>La modelo y panelista Cinthia Fern\u00e1ndez comparti\u00f3 un mensaje en una historia de Instagram, donde re\u00fane casi seis millones de seguidores, y fue contundente. &#8220;Que tengan la misma pena que la mam\u00e1 de Fernando al no poder ver m\u00e1s a su hijo, perpetua para estos cobardes es lo m\u00ednimo&#8221;, indic\u00f3 luego del pedido del abogado de los rugbiers de nulidad del juicio.<\/p>\n\n\n\n<p>En la misma l\u00ednea, la China Su\u00e1rez tambi\u00e9n dese\u00f3 que &#8220;no salgan nunca m\u00e1s&#8221; y agreg\u00f3 un texto desde el dolor: &#8220;Caduc\u00f3 dicen, con esa liviandad. Qu\u00e9 dolor m\u00e1s grande para sus padres, justicia&#8221;, se indign\u00f3.<\/p>\n\n\n\n<p>Otro que mostr\u00f3 su repudio fue &#8220;Migue&#8221; Granados, quien se expres\u00f3 a trav\u00e9s de Twitter. Mostr\u00f3 la publicaci\u00f3n de Mauro Szeta y dej\u00f3 en claro que quiere perpetua para los rugbiers de Z\u00e1rate. &#8220;Hasta perpetua es poco. Justicia&#8221;, public\u00f3.<\/p>\n\n\n\n<p>En tanto, Calu Rivero comparti\u00f3 una imagen de un perfil de Instagram, con la cara de Fernando B\u00e1ez Sosa y explic\u00f3 brevemente la historia del crimen y sum\u00f3 unas sentidas palabras del padre del joven asesinado. &#8220;Diez padres, diez madres y ninguno pidi\u00f3 perd\u00f3n. Ah\u00ed te das cuenta de que todo empieza por casa&#8221;, concluy\u00f3 en un desgarrador mensaje.<\/p>\n","protected":false},"excerpt":{"rendered":"<p>El influencer opin\u00f3 sin filtro sobre el inicio del juicio por el crimen de Fernando&#8230;.<\/p>\n","protected":false},"author":1,"featured_media":439,"comment_status":"open","ping_status":"open","sticky":false,"template":"","format":"standard","meta":[],"categories":[1],"tags":[],"_links":{"self":[{"href":"https:\/\/neanoticias.com\/index.php\/wp-json\/wp\/v2\/posts\/437"}],"collection":[{"href":"https:\/\/neanoticias.com\/index.php\/wp-json\/wp\/v2\/posts"}],"about":[{"href":"https:\/\/neanoticias.com\/index.php\/wp-json\/wp\/v2\/types\/post"}],"author":[{"embeddable":true,"href":"https:\/\/neanoticias.com\/index.php\/wp-json\/wp\/v2\/users\/1"}],"replies":[{"embeddable":true,"href":"https:\/\/neanoticias.com\/index.php\/wp-json\/wp\/v2\/comments?post=437"}],"version-history":[{"count":1,"href":"https:\/\/neanoticias.com\/index.php\/wp-json\/wp\/v2\/posts\/437\/revisions"}],"predecessor-version":[{"id":440,"href":"https:\/\/neanoticias.com\/index.php\/wp-json\/wp\/v2\/posts\/437\/revisions\/440"}],"wp:featuredmedia":[{"embeddable":true,"href":"https:\/\/neanoticias.com\/index.php\/wp-json\/wp\/v2\/media\/439"}],"wp:attachment":[{"href":"https:\/\/neanoticias.com\/index.php\/wp-json\/wp\/v2\/media?parent=437"}],"wp:term":[{"taxonomy":"category","embeddable":true,"href":"https:\/\/neanoticias.com\/index.php\/wp-json\/wp\/v2\/categories?post=437"},{"taxonomy":"post_tag","embeddable":true,"href":"https:\/\/neanoticias.com\/index.php\/wp-json\/wp\/v2\/tags?post=437"}],"curies":[{"name":"wp","href":"https:\/\/api.w.org\/{rel}","templated":true}]}}