{"id":430,"date":"2022-12-27T12:21:10","date_gmt":"2022-12-27T12:21:10","guid":{"rendered":"https:\/\/neanoticias.com\/?p=430"},"modified":"2022-12-27T12:21:11","modified_gmt":"2022-12-27T12:21:11","slug":"un-detenido-por-el-accidente-en-el-que-murio-patricia-ramirez","status":"publish","type":"post","link":"https:\/\/neanoticias.com\/index.php\/2022\/12\/27\/un-detenido-por-el-accidente-en-el-que-murio-patricia-ramirez\/","title":{"rendered":"UN DETENIDO POR EL ACCIDENTE EN EL QUE MURI\u00d3 PATRICIA RAM\u00cdREZ"},"content":{"rendered":"\n<p>Neg\u00f3 conocerla, pero luego se pudo establecer que pactaron una cita en un motel. Sufrieron un accidente fortuito y ahora se busca un auto pr\u00f3fugo del siniestro vial.<\/p>\n\n\n\n<figure class=\"wp-block-image size-full\"><img loading=\"lazy\" width=\"850\" height=\"892\" src=\"https:\/\/neanoticias.com\/wp-content\/uploads\/2022\/12\/1271061w850h892c.jpg.webp\" alt=\"\" class=\"wp-image-431\" srcset=\"https:\/\/neanoticias.com\/wp-content\/uploads\/2022\/12\/1271061w850h892c.jpg.webp 850w, https:\/\/neanoticias.com\/wp-content\/uploads\/2022\/12\/1271061w850h892c.jpg-286x300.webp 286w, https:\/\/neanoticias.com\/wp-content\/uploads\/2022\/12\/1271061w850h892c.jpg-768x806.webp 768w\" sizes=\"(max-width: 850px) 100vw, 850px\" \/><\/figure>\n\n\n\n<p>La Polic\u00eda detuvo al principal sindicado por ser el \u00faltimo en ver con vida y estar junto a la activista LGBTQ+ Patricia Ram\u00edrez, quien falleci\u00f3 ayer al mediod\u00eda a ra\u00edz de las grav\u00edsimas lesiones con las que termin\u00f3, producto de un siniestro vial en el que a\u00fan falta detener a los ocupantes de otro veh\u00edculo que se dio a la fuga. La mujer viajaba como acompa\u00f1ante en una motocicleta cuando se accidentaron con el ahora demorado, a la salida de un conocido hotel alojamiento. El acusado intent\u00f3 ocultar su participaci\u00f3n en el hecho, pero el an\u00e1lisis de las c\u00e1maras de seguridad de la ciudad permitieron identificarlo.<\/p>\n\n\n\n<p>Todo habr\u00eda sucedido entre las 2 y las 3:10 de la madrugada del s\u00e1bado 24 de diciembre, cuando el sujeto, cuyos datos personales no trascendieron oficialmente por el momento, circulaba a bordo de su motocicleta por avenida Independencia y se detuvo en la esquina de calle Godoy Cruz de la capital correntina.<\/p>\n\n\n\n<p>All\u00ed, en esa esquina se encontr\u00f3 con Patricia, con quien habr\u00eda pactado pasar unas horas en el motel Hawai, ubicado sobre colectora Oeste de la Ruta Nacional N\u00b012, pasando la rotonda de la V\u00edrgen hacia el Sur, a las afueras de la capital correntina.<\/p>\n\n\n\n<p>Cerca de las 3:10, la pareja se retiraba del motel a bordo de la motocicleta Yamaha FZ, cuando entr\u00f3 en escena otro veh\u00edculo a alta velocidad, hasta el momento no identificado, con el cual impactan los ocupantes del rodado menor de forma violenta, a pocos metros del lugar.<\/p>\n\n\n\n<p>A ra\u00edz de este choque, Patricia sale despedida de la parte trasera de la moto, impactando su cabeza contra la cinta asf\u00e1ltica, lo que le provoc\u00f3 grav\u00edsimas lesiones y la dej\u00f3 en estado de inconsciencia total, sin posibilidad de recuperarse, hasta su fallecimiento ayer, en horas del mediod\u00eda, seg\u00fan confirmaron oficialmente fuentes del Hospital Escuela, en el que se hallaba internada en Terapia Intensiva.<\/p>\n\n\n\n<p>Fueron los efectivos de la Divisi\u00f3n Investigaciones Metropolitanas, bajo el mando del comisario General Ram\u00f3n de la Cruz Barrios, quienes fueron desandando todo el entramado de mentiras que hab\u00eda armado el sospechoso y lo confrontaron con las evidencias.<\/p>\n\n\n\n<p>En su primer testimonio, el sujeto demorado, de unos 33 a\u00f1os de edad, dijo que el autom\u00f3vil era un Fiat Uno y luego dijo que no recordaba. Agreg\u00f3 que tras el choque, \u00e9ste retrocedi\u00f3 sobre sus pasos y termin\u00f3 llevando por delante a la mujer tirada en el piso. El automovilista huy\u00f3 de la escena, pero los ocupantes de la moto debieron ser asistido y hospitalizados. La m\u00e1s grave sin dudas era Patricia con su lesi\u00f3n en la cabeza.<\/p>\n\n\n\n<p>El conductor de la moto, inicialmente, neg\u00f3 toda relaci\u00f3n con la otra v\u00edctima y aleg\u00f3 que no quer\u00eda que lo &#8220;vinculen con una mujer trans&#8221;, pero las c\u00e1maras de seguridad hicieron caer su falsa fachada y termin\u00f3 confesando.<\/p>\n\n\n\n<p>Lo cierto es que ahora afronta serios cargos, por el hecho de haber mentido desde un primer momento y falsear la realidad, quitando a la Polic\u00eda la posibilidad de poder investigar a fondo la participaci\u00f3n del otro veh\u00edculo en la escena del siniestro vial. La causa judicial fue caratulada como &#8220;lesiones graves en accidente de tr\u00e1nsito, seguida de muerte&#8221;, esta \u00faltima parte se agreg\u00f3 ayer al conocerse la desgraciada noticia del fallecimiento de Patricia.<\/p>\n\n\n\n<h2>&#8220;Hoy nos falta Patricia&#8221;<\/h2>\n\n\n\n<p>Desde distintos sectores salieron de inmediato las muestras de condolencias y pedido de justicia. &#8220;Profundizar hasta hallar a todos los culpables&#8221;, escribieron en distintos espacios y en redes sociales quienes conocieron a Patricia Ram\u00edrez y su lucha de much\u00edsimos a\u00f1os. En este sentido, se expresaron desde &#8220;Vivas y Libres nos queremos Corrientes&#8221;, quienes indicaron: &#8220;Patricia fue atropellada y abandonada en plena calle. Exigimos a la Justicia el total esclarecimiento de los hechos. \u00a1Hoy nos falta Patricia!&#8221;.<\/p>\n","protected":false},"excerpt":{"rendered":"<p>Neg\u00f3 conocerla, pero luego se pudo establecer que pactaron una cita en un motel. Sufrieron&#8230;<\/p>\n","protected":false},"author":1,"featured_media":431,"comment_status":"open","ping_status":"open","sticky":false,"template":"","format":"standard","meta":[],"categories":[1],"tags":[],"_links":{"self":[{"href":"https:\/\/neanoticias.com\/index.php\/wp-json\/wp\/v2\/posts\/430"}],"collection":[{"href":"https:\/\/neanoticias.com\/index.php\/wp-json\/wp\/v2\/posts"}],"about":[{"href":"https:\/\/neanoticias.com\/index.php\/wp-json\/wp\/v2\/types\/post"}],"author":[{"embeddable":true,"href":"https:\/\/neanoticias.com\/index.php\/wp-json\/wp\/v2\/users\/1"}],"replies":[{"embeddable":true,"href":"https:\/\/neanoticias.com\/index.php\/wp-json\/wp\/v2\/comments?post=430"}],"version-history":[{"count":1,"href":"https:\/\/neanoticias.com\/index.php\/wp-json\/wp\/v2\/posts\/430\/revisions"}],"predecessor-version":[{"id":432,"href":"https:\/\/neanoticias.com\/index.php\/wp-json\/wp\/v2\/posts\/430\/revisions\/432"}],"wp:featuredmedia":[{"embeddable":true,"href":"https:\/\/neanoticias.com\/index.php\/wp-json\/wp\/v2\/media\/431"}],"wp:attachment":[{"href":"https:\/\/neanoticias.com\/index.php\/wp-json\/wp\/v2\/media?parent=430"}],"wp:term":[{"taxonomy":"category","embeddable":true,"href":"https:\/\/neanoticias.com\/index.php\/wp-json\/wp\/v2\/categories?post=430"},{"taxonomy":"post_tag","embeddable":true,"href":"https:\/\/neanoticias.com\/index.php\/wp-json\/wp\/v2\/tags?post=430"}],"curies":[{"name":"wp","href":"https:\/\/api.w.org\/{rel}","templated":true}]}}