{"id":427,"date":"2022-12-27T12:20:04","date_gmt":"2022-12-27T12:20:04","guid":{"rendered":"https:\/\/neanoticias.com\/?p=427"},"modified":"2022-12-27T12:20:05","modified_gmt":"2022-12-27T12:20:05","slug":"con-este-fallo-no-le-dan-menos-a-corrientes-ni-le-quitan-ni-le-sacan","status":"publish","type":"post","link":"https:\/\/neanoticias.com\/index.php\/2022\/12\/27\/con-este-fallo-no-le-dan-menos-a-corrientes-ni-le-quitan-ni-le-sacan\/","title":{"rendered":"&#8220;CON ESTE FALLO NO LE DAN MENOS A CORRIENTES, NI LE QUITAN, NI LE SACAN&#8221;"},"content":{"rendered":"\n<p>Gustavo Vald\u00e9s, una vez m\u00e1s, fue consultado sobre su mirada ante el fallo de la Corte Suprema de devolver a CABA un porcentaje de coparticipaci\u00f3n y dej\u00f3 en claro que esta situaci\u00f3n no afecta a Corrientes e insisti\u00f3 sobre el punto adeudado a la provincia.<\/p>\n\n\n\n<figure class=\"wp-block-image size-full\"><img loading=\"lazy\" width=\"850\" height=\"577\" src=\"https:\/\/neanoticias.com\/wp-content\/uploads\/2022\/12\/1271031w850h577c.jpg.webp\" alt=\"\" class=\"wp-image-428\" srcset=\"https:\/\/neanoticias.com\/wp-content\/uploads\/2022\/12\/1271031w850h577c.jpg.webp 850w, https:\/\/neanoticias.com\/wp-content\/uploads\/2022\/12\/1271031w850h577c.jpg-300x204.webp 300w, https:\/\/neanoticias.com\/wp-content\/uploads\/2022\/12\/1271031w850h577c.jpg-768x521.webp 768w\" sizes=\"(max-width: 850px) 100vw, 850px\" \/><\/figure>\n\n\n\n<p>En el marco del fallo de la Corte que solicit\u00f3 devolver el 2,95% de la masa de fondos coparticipables a Ciudad de Buenos Aires sumado a las idas y vueltas por parte del Gobierno nacional para no cumplir con esta decisi\u00f3n (ver p\u00e1gina 3), el gobernador Gustavo Vald\u00e9s volvi\u00f3 a ser consultado sobre su visi\u00f3n sobre el tema en cuesti\u00f3n.<\/p>\n\n\n\n<p>Al respecto en contacto con un medio nacional, el Mandatario dej\u00f3 en claro que estas cuestiones involucran a la Ciudad Aut\u00f3noma de Buenos Aires y la Naci\u00f3n y record\u00f3 que &#8220;nosotros estamos reclamando, desde hace mucho tiempo y sin ser escuchados, lo que nos fue quitado&#8221;.<\/p>\n\n\n\n<p>Luego fue consultado sobre si no le preocupa que el fallo implique menos fondos para Corrientes, a lo que el Gobernador respondi\u00f3 sin rodeos: &#8220;Eso es absolutamente falso, porque con este fallo no se le otorga menos fondos a Corrientes, es decir ni le quitan, ni le sacan&#8221;.<\/p>\n\n\n\n<p>&#8220;Su premisa es falsa&#8221;, insisti\u00f3 Vald\u00e9s ante las declaraciones del entrevistador y agreg\u00f3 que &#8220;la disputa es entre la Ciudad Aut\u00f3noma de Buenos Aires y el Estado argentino. No tiene que ver con otorgar m\u00e1s o menos fondos a las provincias. Cuando salen este tipo de fallos nosotros no nos vemos perjudicados&#8221;, asegur\u00f3.<\/p>\n\n\n\n<p>Seguidamente, Vald\u00e9s volvi\u00f3 a insistir con el reclamo de la provincia por el punto de coparticipaci\u00f3n al decir que &#8220;nadie se preocup\u00f3 por Corrientes cuando perdi\u00f3 un punto de coparticipaci\u00f3n. Nosotros estamos reclamando, desde hace mucho tiempo y sin ser escuchados, lo que nos fue quitado. Mientras que a la provincia de Buenos Aires le fue devuelto con el fondo de reparaci\u00f3n hist\u00f3rica y tambi\u00e9n a La Rioja con Carlos Sa\u00fal Menem a trav\u00e9s de fondos y transferencias discrecionales, que hoy son reconocidas en el Presupuesto nacional&#8221;, resalt\u00f3.<\/p>\n\n\n\n<p>&#8220;Nosotros no vamos a cesar en nuestro reclamo de ese punto que es central para los correntinos&#8221;, recalc\u00f3 Vald\u00e9s.<\/p>\n\n\n\n<h2>Ataque a Naci\u00f3n<\/h2>\n\n\n\n<p>Luego de un ida y vuelta candente entre Vald\u00e9s y el entrevistador, este \u00faltimo procedi\u00f3 a preguntarle de d\u00f3nde debe sacar el Gobierno los fondos para cumplir con el fallo de la Corte, a lo que el Mandatario dijo que &#8220;del que distribuyen ilegalmente y arbitrariamente, eso le produjo la afecci\u00f3n a la Ciudad Aut\u00f3noma de Buenos Aires y ahora tiene que sentarse a retroceder lo que hizo anteriormente. Eso es un problema del Presidente de la Naci\u00f3n&#8221;.<\/p>\n\n\n\n<p>&#8220;Es un tema caliente porque estamos cerca de las elecciones, pero no tenemos que hablar de esto en momentos complicados y dif\u00edciles&#8221;, sostuvo. Por \u00faltimo expres\u00f3 que &#8220;si hay voluntad de resolver la cuesti\u00f3n hay que sentarse a hablar y tratar una reforma de la Constituci\u00f3n Nacional&#8221;.<\/p>\n\n\n\n<figure class=\"wp-block-image\"><img src=\"https:\/\/www.diarioepoca.com\/content\/bucket\/2\/1271032w762h357c.jpg.webp\" alt=\"\"\/><\/figure>\n\n\n\n<h2>Opini\u00f3n de legisladores<\/h2>\n\n\n\n<p>A las declaraciones del Gobernador correntino tambi\u00e9n se le sumaron de los legisladores provinciales, como fue el caso del diputado Eduardo Hardoy, quien a trav\u00e9s de su cuenta de Twitter indic\u00f3: &#8220;\u00a1Cu\u00e1nto da\u00f1o hace este Gobierno!&#8221;.<\/p>\n\n\n\n<p>&#8220;Despu\u00e9s de jactarse de no acatar el fallo de la Corte Suprema que restituye fondos a la Ciudad de Buenos Aires, recul\u00f3, pero a qu\u00e9 costo: cuestion\u00f3 a un poder independiente, tension\u00f3 la institucionalidad y atent\u00f3 a la seguridad jur\u00eddica&#8221;, concluy\u00f3.<\/p>\n\n\n\n<p>Por su parte, el senador provincial, Di\u00f3genes Gonz\u00e1lez, se\u00f1al\u00f3 que &#8220;el Presidente de la Naci\u00f3n no respeta el fallo de la Corte&#8221; y &#8220;viola as\u00ed el orden institucional rompiendo el estado de derecho&#8221;.<\/p>\n\n\n\n<p>&#8220;Hoy m\u00e1s que nunca debemos defender a la Rep\u00fablica del autoritarismo&#8221;, remarc\u00f3.<\/p>\n\n\n\n<p>Mientras que por parte de la oposici\u00f3n local en algunos casos mostraron su postura al respecto y otros se llamaron a silencio.<\/p>\n","protected":false},"excerpt":{"rendered":"<p>Gustavo Vald\u00e9s, una vez m\u00e1s, fue consultado sobre su mirada ante el fallo de la&#8230;<\/p>\n","protected":false},"author":1,"featured_media":428,"comment_status":"open","ping_status":"open","sticky":false,"template":"","format":"standard","meta":[],"categories":[1],"tags":[],"_links":{"self":[{"href":"https:\/\/neanoticias.com\/index.php\/wp-json\/wp\/v2\/posts\/427"}],"collection":[{"href":"https:\/\/neanoticias.com\/index.php\/wp-json\/wp\/v2\/posts"}],"about":[{"href":"https:\/\/neanoticias.com\/index.php\/wp-json\/wp\/v2\/types\/post"}],"author":[{"embeddable":true,"href":"https:\/\/neanoticias.com\/index.php\/wp-json\/wp\/v2\/users\/1"}],"replies":[{"embeddable":true,"href":"https:\/\/neanoticias.com\/index.php\/wp-json\/wp\/v2\/comments?post=427"}],"version-history":[{"count":1,"href":"https:\/\/neanoticias.com\/index.php\/wp-json\/wp\/v2\/posts\/427\/revisions"}],"predecessor-version":[{"id":429,"href":"https:\/\/neanoticias.com\/index.php\/wp-json\/wp\/v2\/posts\/427\/revisions\/429"}],"wp:featuredmedia":[{"embeddable":true,"href":"https:\/\/neanoticias.com\/index.php\/wp-json\/wp\/v2\/media\/428"}],"wp:attachment":[{"href":"https:\/\/neanoticias.com\/index.php\/wp-json\/wp\/v2\/media?parent=427"}],"wp:term":[{"taxonomy":"category","embeddable":true,"href":"https:\/\/neanoticias.com\/index.php\/wp-json\/wp\/v2\/categories?post=427"},{"taxonomy":"post_tag","embeddable":true,"href":"https:\/\/neanoticias.com\/index.php\/wp-json\/wp\/v2\/tags?post=427"}],"curies":[{"name":"wp","href":"https:\/\/api.w.org\/{rel}","templated":true}]}}