{"id":410,"date":"2022-12-16T16:32:28","date_gmt":"2022-12-16T16:32:28","guid":{"rendered":"https:\/\/neanoticias.com\/?p=410"},"modified":"2022-12-16T16:32:29","modified_gmt":"2022-12-16T16:32:29","slug":"lanzaron-a-la-venta-10-mil-entradas-para-la-final-del-mundial","status":"publish","type":"post","link":"https:\/\/neanoticias.com\/index.php\/2022\/12\/16\/lanzaron-a-la-venta-10-mil-entradas-para-la-final-del-mundial\/","title":{"rendered":"LANZARON A LA VENTA 10 MIL ENTRADAS PARA LA FINAL DEL MUNDIAL"},"content":{"rendered":"\n<p>Tras el reclamo de los hinchas argentinos que se encuentran en Qatar, la AFA anunci\u00f3 que este viernes se lanzar\u00e1 un remanente de tickets a la venta.<\/p>\n\n\n\n<figure class=\"wp-block-image size-full\"><img loading=\"lazy\" width=\"700\" height=\"393\" src=\"https:\/\/neanoticias.com\/wp-content\/uploads\/2022\/12\/213876.jpg_nota.jpg\" alt=\"\" class=\"wp-image-411\" srcset=\"https:\/\/neanoticias.com\/wp-content\/uploads\/2022\/12\/213876.jpg_nota.jpg 700w, https:\/\/neanoticias.com\/wp-content\/uploads\/2022\/12\/213876.jpg_nota-300x168.jpg 300w\" sizes=\"(max-width: 700px) 100vw, 700px\" \/><\/figure>\n\n\n\n<p>Este viernes, en la previa de la final del&nbsp;Mundial de Qatar&nbsp;entre Argentina y Francia, la Asociaci\u00f3n del F\u00fatbol Argentino (AFA) confirm\u00f3 que pondr\u00e1n a la venta un remanente de entradas. Las mismas estar\u00e1n disponibles a precio oficial.<\/p>\n\n\n\n<p>Ser\u00e1n 10 mil entradas las que se pongan disponibles para nuestro pa\u00eds, a trav\u00e9s del sistema de la FIFA. De las 89.900 localidades que posee el estadio Lusail, se espera que aproximadamente 45 mil est\u00e9n ocupadas por argentinos.<\/p>\n\n\n\n<p>La venta comenzar\u00e1 a las 12 del mediod\u00eda de Qatar, es decir, a las 6 de la ma\u00f1ana, hora de Argentina.<\/p>\n\n\n\n<p><strong>LOS HINCHAS RECLAMARON POR ENTRADAS<\/strong><\/p>\n\n\n\n<p>Cerca de 400 fan\u00e1ticos argentinos reclamaron en Doha por la disponibilidad de entradas a precios oficiales para la final del Mundial Qatar 2022.<\/p>\n\n\n\n<p>El &#8220;banderazo&#8221; se produjo en la puerta del hotel Jassim Tower, en el centro de la capital qatar\u00ed, donde se aloja parte de la delegaci\u00f3n de dirigentes de la casa madre del f\u00fatbol argentino.<\/p>\n\n\n\n<p>Los hinchas se autoconvocaron en el lugar para que la dirigencia resuelva la situaci\u00f3n de cerca de 1.700 argentinos que no disponen de localidades para asistir a la gran definici\u00f3n del domingo con Francia.<\/p>\n\n\n\n<p><strong>\u00bfQUI\u00c9N SER\u00c1 EL \u00c1RBITRO DE LA FINAL DEL MUNDIAL?<\/strong><\/p>\n\n\n\n<p>La FIFA confirm\u00f3 que el polaco Szymon Marciniak ser\u00e1 el juez de la final del Mundial Qatar 2022, que se disputar\u00e1 entre Francia, campe\u00f3n de la edici\u00f3n Rusia 2018 y Argentina.&nbsp;<\/p>\n\n\n\n<p>Marciniak, de 41 a\u00f1os, ya estuvo al frente en un partido de la Selecci\u00f3n albiceleste de este Mundial, cuando se disputaron los octavos de final ante Australia.<\/p>\n\n\n\n<p>Asimismo, el polaco tambi\u00e9n dirigi\u00f3 a Francia en este torneo, por la segunda fecha de la fase de grupos, cuando lograron la clasificaci\u00f3n a octavos ante Dinamarca.<\/p>\n\n\n\n<p>De esta manera, Marciniak se convertir\u00e1 en el primer \u00e1rbitro polaco en dirigir un partido de esta magnitud, luego de debutar en 2009 en la liga nacional para ingresar en 2011 dentro de la lista de jueces de la FIFA.<\/p>\n\n\n\n<p>En su haber, tiene 549 partidos, donde mostr\u00f3 2210 tarjetas amarillas y 67 rojas. Adem\u00e1s, cuenta con un total de 244 penales cobrados, es decir, uno cada 2,25 partidos. Incluso, uno de ellos fue a la Argentina, en el debut ante Islandia, durante el Mundial Rusia 2018.<\/p>\n\n\n\n<p><strong>LA SELECCI\u00d3N VOLVI\u00d3 A LAS PR\u00c1CTICAS<\/strong><\/p>\n\n\n\n<p>Luego de haber tenido un d\u00eda descanso, tras haber logrado el pase a la final del Mundial con el categ\u00f3rico 3 a 0 sobre Croacia, este jueves la Selecci\u00f3n Argentina volvi\u00f3 al trabajo, ya con la mira puesta en el juego decisivo del domingo contra Francia, que ayer venci\u00f3 a Marruecos.&nbsp;<\/p>\n\n\n\n<p>En ese contexto y de cara al \u00faltimo cruce de la Copa del Mundo, Lionel Scaloni podr\u00e1 volver a contar con \u00c1ngel Di Mar\u00eda, quien sufri\u00f3 una molestia muscular en el juego contra Polonia, en la \u00faltima fecha de la fase de grupos, y desde ah\u00ed solo sum\u00f3 un pu\u00f1ado de minutos en el segundo tiempo de la pr\u00f3rroga contra Pa\u00edses Bajos.<\/p>\n\n\n\n<p>El Fideo, que pudo ser preservado por el holgado triunfo en semis, podr\u00eda sumarse al ataque compuesto por Lionel Messi y Juli\u00e1n \u00c1lvarez. En ese caso, Leandro Paredes ser\u00eda quien resigne su lugar, aunque el DT tiene varios ensayos por delante para hacer pruebas.<\/p>\n\n\n\n<p>Adem\u00e1s, estar\u00e1n para volver Marcos Acu\u00f1a y Gonzalo Montiel, quienes cumplieron con una fecha de suspensi\u00f3n por acumulaci\u00f3n de tarjetas amarillas. El Huevo volver\u00eda a ser titular en lugar de Nicol\u00e1s Tagliafico, mientras que Montiel parecer\u00eda correr de atr\u00e1s de Nahuel Molina para estar de arranque.<\/p>\n\n\n\n<p>En tanto, Rodrigo De Paul, quien no pudo completar los \u00faltimos dos juegos por una molestia en los isquiotibiales, est\u00e1 cada vez mejor y es una fija en la mitad de la cancha.<\/p>\n\n\n\n<p>Scaloni tiene solo un jugador en duda para enfrentar a Kylian Mbapp\u00e9 y compa\u00f1\u00eda: es el Papu G\u00f3mez, quien sufri\u00f3 un esguince de tobill en el cruce contra Australia de octavos de final.<\/p>\n\n\n\n<p>Desde ese cruce, de hace casi dos semanas, el jugador del Sevilla no pudo volver a estar en consideraci\u00f3n y no fue ni al banco contra Pa\u00edses Bajos y Croacia.<\/p>\n","protected":false},"excerpt":{"rendered":"<p>Tras el reclamo de los hinchas argentinos que se encuentran en Qatar, la AFA anunci\u00f3&#8230;<\/p>\n","protected":false},"author":1,"featured_media":411,"comment_status":"open","ping_status":"open","sticky":false,"template":"","format":"standard","meta":[],"categories":[1],"tags":[],"_links":{"self":[{"href":"https:\/\/neanoticias.com\/index.php\/wp-json\/wp\/v2\/posts\/410"}],"collection":[{"href":"https:\/\/neanoticias.com\/index.php\/wp-json\/wp\/v2\/posts"}],"about":[{"href":"https:\/\/neanoticias.com\/index.php\/wp-json\/wp\/v2\/types\/post"}],"author":[{"embeddable":true,"href":"https:\/\/neanoticias.com\/index.php\/wp-json\/wp\/v2\/users\/1"}],"replies":[{"embeddable":true,"href":"https:\/\/neanoticias.com\/index.php\/wp-json\/wp\/v2\/comments?post=410"}],"version-history":[{"count":1,"href":"https:\/\/neanoticias.com\/index.php\/wp-json\/wp\/v2\/posts\/410\/revisions"}],"predecessor-version":[{"id":412,"href":"https:\/\/neanoticias.com\/index.php\/wp-json\/wp\/v2\/posts\/410\/revisions\/412"}],"wp:featuredmedia":[{"embeddable":true,"href":"https:\/\/neanoticias.com\/index.php\/wp-json\/wp\/v2\/media\/411"}],"wp:attachment":[{"href":"https:\/\/neanoticias.com\/index.php\/wp-json\/wp\/v2\/media?parent=410"}],"wp:term":[{"taxonomy":"category","embeddable":true,"href":"https:\/\/neanoticias.com\/index.php\/wp-json\/wp\/v2\/categories?post=410"},{"taxonomy":"post_tag","embeddable":true,"href":"https:\/\/neanoticias.com\/index.php\/wp-json\/wp\/v2\/tags?post=410"}],"curies":[{"name":"wp","href":"https:\/\/api.w.org\/{rel}","templated":true}]}}