{"id":404,"date":"2022-12-16T16:26:31","date_gmt":"2022-12-16T16:26:31","guid":{"rendered":"https:\/\/neanoticias.com\/?p=404"},"modified":"2022-12-16T16:26:31","modified_gmt":"2022-12-16T16:26:31","slug":"la-previa-de-la-fiesta-nacional-del-chamame-se-realizara-en-la-unidad","status":"publish","type":"post","link":"https:\/\/neanoticias.com\/index.php\/2022\/12\/16\/la-previa-de-la-fiesta-nacional-del-chamame-se-realizara-en-la-unidad\/","title":{"rendered":"LA &#8220;PREVIA&#8221; DE LA FIESTA NACIONAL DEL CHAMAM\u00c9 SE REALIZAR\u00c1 EN LA UNIDAD"},"content":{"rendered":"\n<p>El Gobierno de la Provincia avanza en la organizaci\u00f3n de &#8220;La Previa&#8221;\u00a0de la 32\u00aa Fiesta Nacional del Chamam\u00e9, 18\u00aa Fiesta del MERCOSUR y 2\u00aa Celebraci\u00f3n Mundial, que se desarrollar\u00e1 el jueves 12 de enero, desde las 18 y hasta la medianoche, en el predio de La Unidad (ex penitenciar\u00eda N\u00ba1).\u00a0<\/p>\n\n\n\n<figure class=\"wp-block-image size-full\"><img loading=\"lazy\" width=\"700\" height=\"443\" src=\"https:\/\/neanoticias.com\/wp-content\/uploads\/2022\/12\/984325.jpg_nota.jpg\" alt=\"\" class=\"wp-image-405\" srcset=\"https:\/\/neanoticias.com\/wp-content\/uploads\/2022\/12\/984325.jpg_nota.jpg 700w, https:\/\/neanoticias.com\/wp-content\/uploads\/2022\/12\/984325.jpg_nota-300x190.jpg 300w\" sizes=\"(max-width: 700px) 100vw, 700px\" \/><\/figure>\n\n\n\n<p>Un evento abierto a la comunidad donde confluir\u00e1n chamam\u00e9 y propuestas gastron\u00f3micas. Adem\u00e1s, se est\u00e1n preparando en este mismo lugar, dos noches de bailanta chamamecera para el s\u00e1bado 14 y el domingo 15.<\/p>\n\n\n\n<p>El presidente del Instituto de Cultura de Corrientes, Arq. Gabriel Romero, se\u00f1al\u00f3 que teniendo en cuenta el \u00e9xito del evento desarrollado la semana pasada en La Unidad (ubicado en avenida 3 de Abril al 57), y a partir de una iniciativa del gobernador Gustavo Vald\u00e9s, se plane\u00f3 llevar adelante actividades en este lugar emblem\u00e1tico de la Capital, como parte de la programaci\u00f3n de la Fiesta Nacional del Chamam\u00e9.<\/p>\n\n\n\n<p>\u201cEl jueves 12 de diciembre, entre las 20 y la medianoche, se realizar\u00e1 lo que denominamos La Previa de la Fiesta, que contar\u00e1 con la actuaci\u00f3n de Los Alonsitos y otros grupos invitados, y est\u00e1n previstas adem\u00e1s distintas propuestas gastron\u00f3micas para el disfrute de los asistentes. De igual manera, se llevar\u00e1 adelante un evento con entrada libre y gratuita, los d\u00edas s\u00e1bado 14 y domingo 15, de 18 hasta las 22, como parte del circuito de bailantas que se est\u00e1n preparando\u201d, explic\u00f3 el funcionario.<\/p>\n\n\n\n<p>El director de la Fiesta, Eduardo S\u00edvori, tambi\u00e9n se refiri\u00f3 a este festejo, un d\u00eda antes de la apertura oficial.&nbsp;\u201cAprovechando este espacio que pone a disposici\u00f3n la Provincia, vamos a tener la \u201cPrevia\u201d, que ser\u00e1 una gran pe\u00f1a en La Unidad, prevista para el jueves 12 de enero, d\u00eda anterior a la jornada inaugural de la 32\u00aa Fiesta Nacional del Chamam\u00e9. Y en este mismo lugar, est\u00e1 programada adem\u00e1s una bailanta chamamecera para el s\u00e1bado 14 y domingo 15\u201d.<\/p>\n\n\n\n<p>Al respecto, se\u00f1al\u00f3 que se trata de uno de los espacios donde se desarrollar\u00e1n actividades chamameceras, confirmando que habr\u00e1 bailantas en una gran cantidad de espacios de la Capital, en un trabajo conjunto con la Municipalidad de Corrientes, y en distintas localidades del interior provincial, que fueron invitadas a sumarse a esta nueva edici\u00f3n de la mayor celebraci\u00f3n popular de los correntinos.<\/p>\n","protected":false},"excerpt":{"rendered":"<p>El Gobierno de la Provincia avanza en la organizaci\u00f3n de &#8220;La Previa&#8221;\u00a0de la 32\u00aa Fiesta&#8230;<\/p>\n","protected":false},"author":1,"featured_media":405,"comment_status":"open","ping_status":"open","sticky":false,"template":"","format":"standard","meta":[],"categories":[1],"tags":[],"_links":{"self":[{"href":"https:\/\/neanoticias.com\/index.php\/wp-json\/wp\/v2\/posts\/404"}],"collection":[{"href":"https:\/\/neanoticias.com\/index.php\/wp-json\/wp\/v2\/posts"}],"about":[{"href":"https:\/\/neanoticias.com\/index.php\/wp-json\/wp\/v2\/types\/post"}],"author":[{"embeddable":true,"href":"https:\/\/neanoticias.com\/index.php\/wp-json\/wp\/v2\/users\/1"}],"replies":[{"embeddable":true,"href":"https:\/\/neanoticias.com\/index.php\/wp-json\/wp\/v2\/comments?post=404"}],"version-history":[{"count":1,"href":"https:\/\/neanoticias.com\/index.php\/wp-json\/wp\/v2\/posts\/404\/revisions"}],"predecessor-version":[{"id":406,"href":"https:\/\/neanoticias.com\/index.php\/wp-json\/wp\/v2\/posts\/404\/revisions\/406"}],"wp:featuredmedia":[{"embeddable":true,"href":"https:\/\/neanoticias.com\/index.php\/wp-json\/wp\/v2\/media\/405"}],"wp:attachment":[{"href":"https:\/\/neanoticias.com\/index.php\/wp-json\/wp\/v2\/media?parent=404"}],"wp:term":[{"taxonomy":"category","embeddable":true,"href":"https:\/\/neanoticias.com\/index.php\/wp-json\/wp\/v2\/categories?post=404"},{"taxonomy":"post_tag","embeddable":true,"href":"https:\/\/neanoticias.com\/index.php\/wp-json\/wp\/v2\/tags?post=404"}],"curies":[{"name":"wp","href":"https:\/\/api.w.org\/{rel}","templated":true}]}}